{"id":1238,"date":"2014-09-09T22:10:54","date_gmt":"2014-09-09T22:10:54","guid":{"rendered":"https:\/\/www.echelecabeza.com\/?p=1238"},"modified":"2014-09-09T22:10:54","modified_gmt":"2014-09-09T22:10:54","slug":"rock-al-parque-un-balance-psicoactivo","status":"publish","type":"post","link":"https:\/\/www.echelecabeza.com\/rock-al-parque-un-balance-psicoactivo\/","title":{"rendered":"ROCK AL PARQUE: UN BALANCE PSICOACTIVO"},"content":{"rendered":"<section>\n<div class=\"pix_column pix_column_730\">\n<div class=\"pix_column pix_column_730 alignleft\" data-class=\"pix_column alignleft pix_column_730\">\n<p style=\"text-align: justify;\"><span style=\"color: #555555;\">Por \u00c9chele Cabeza-ATS<\/span><\/p>\n<p style=\"text-align: justify;\"><a href=\"http:\/\/www.corporacion-ats.com\/2014echele\/wp-content\/uploads\/2014\/09\/pogo.jpg\" target=\"_blank\" rel=\"noopener\"><img fetchpriority=\"high\" decoding=\"async\" class=\"aligncenter size-full wp-image-1239\" src=\"http:\/\/www.corporacion-ats.com\/2014echele\/wp-content\/uploads\/2014\/09\/pogo.jpg\" alt=\"pogo\" width=\"960\" height=\"640\" title=\"\" srcset=\"https:\/\/www.echelecabeza.com\/wp-content\/uploads\/2014\/09\/pogo.jpg 960w, https:\/\/www.echelecabeza.com\/wp-content\/uploads\/2014\/09\/pogo-300x200.jpg 300w, https:\/\/www.echelecabeza.com\/wp-content\/uploads\/2014\/09\/pogo-768x512.jpg 768w\" sizes=\"(max-width: 960px) 100vw, 960px\" \/><\/a><\/p>\n<pre style=\"color: #555555; text-align: center;\"><span class=\"photo_caption\" style=\"color: #666666;\">Todas las fotos v\u00eda\u00a0<a style=\"font-weight: bold;\" href=\"https:\/\/www.facebook.com\/echelecabeza?fref=ts\" target=\"_blank\" rel=\"noopener\">La Sucursal - \u00c9chele Cabeza<\/a>.<\/span><\/pre>\n<div style=\"color: #555555; text-align: justify;\"><\/div>\n<div style=\"color: #555555; text-align: justify;\">Hace un par de semanas, el editor general de VICE Colombia pas\u00f3 por la oficina de la Corporaci\u00f3n Acci\u00f3n T\u00e9cnica Social (ATS), organizaci\u00f3n en la que inventamos el proyecto<a style=\"font-weight: bold;\" href=\"https:\/\/www.echelecabeza.com\/\">\u00c9chele Cabeza cuando se d\u00e9 en la cabeza<\/a>, una iniciativa en la que buscamos promover y fortalecer la capacidad de decisi\u00f3n y la generaci\u00f3n de autocuidado entre los usuarios no problem\u00e1ticos de sustancias psicoativas. Entre bu\u00f1uelos y tinto ma\u00f1anero, acordamos algunos m\u00ednimos para darle vida a este espacio, que hoy se estrena entregando una mirada de Rock al Parque 2014 desde lo que sabemos: las drogas.<\/div>\n<div style=\"color: #555555; text-align: justify;\"><\/div>\n<div style=\"color: #555555; text-align: justify;\">Lo m\u00e1s claro para ambas partes fue que, aunque se opte por un tono ligero, caluroso y de jerga, hablar de drogas en VICE no pod\u00eda ser superficial y siempre deb\u00eda formar a los lectores\/as de la revista y a los seguidores\/as del proyecto de manera que tengan m\u00e1s argumentos veraces, pertinentes y realistas para abordar el tema de drogas o simplemente abonar al debate por la reforma de pol\u00edticas de drogas.<\/div>\n<div style=\"color: #555555; text-align: justify;\"><\/div>\n<div style=\"color: #555555; text-align: justify;\">Rock al Parque conmemor\u00f3 con toda sus 20 a\u00f1os, por eso no hay que sorprenderse del mont\u00f3n de bandas cl\u00e1sicas, colombianas y extranjeras, que se reunieron para cantar los \u00e9xitos que, en ese mismo parque, los hicieron grandes hace d\u00e9cadas \u2014\u00f3igase bien, d\u00e9cadas\u2014. IRA celebr\u00f3 sus 30 a\u00f1os, la Pestilencia sus 28 y as\u00ed por el estilo; la Florecita Rockera cambi\u00f3 el grito chill\u00f3n por los acordes hippies. A Dils\u00f3n D\u00edaz, de la Peste, la manada adolescente de ahora no le hace eco a sus primeras canciones y, adem\u00e1s, as\u00ed pudieran, un \u201crequerimiento legal\u201d se lo imped\u00eda al s\u00edmbolo del rock noventero, y a Max Cavalera (ex Sepultura), a\u00f1ejo entre los pesos pesados, su buena vida le impidi\u00f3 a veces llegar hasta el micr\u00f3fono. As\u00ed y todo, que se pas\u00f3 bueno, se pas\u00f3 bueno.<\/div>\n<div style=\"color: #555555; text-align: justify;\"><\/div>\n<div style=\"color: #555555; text-align: justify;\"><\/div>\n<div style=\"color: #555555; text-align: justify;\"><a href=\"http:\/\/www.corporacion-ats.com\/2014echele\/wp-content\/uploads\/2014\/09\/ruben.jpg\" target=\"_blank\" rel=\"noopener\"><img decoding=\"async\" class=\"aligncenter size-full wp-image-1240\" src=\"http:\/\/www.corporacion-ats.com\/2014echele\/wp-content\/uploads\/2014\/09\/ruben.jpg\" alt=\"ruben\" width=\"960\" height=\"636\" title=\"\"><\/a><\/div>\n<div style=\"color: #555555; text-align: justify;\"><\/div>\n<div style=\"color: #555555; text-align: justify;\"><\/div>\n<div style=\"color: #555555; text-align: justify;\"><\/div>\n<div style=\"color: #555555;\">\n<div style=\"text-align: justify;\">Como siempre, se respir\u00f3 un ambiente de armon\u00eda, empat\u00eda y marihuana. Incluso el coronel de la Polic\u00eda encargado de toda la tomba nos dijo cuando pas\u00f3 por el stand Informativo: \u201coiga, estoy gratamente sorprendido que no tuvimos ni un solo problema el s\u00e1bado\u201d. Pero esto no es gratis o espont\u00e1neo, el trabajo que viene haciendo el Distrito de Bogot\u00e1 en convivencia y cultura ciudadana dio sus frutos. Somos testigos del taller que una anarquista y un punkero le dieron a la tomba semanas antes sobre culturas ciudadanas; tambi\u00e9n del trabajo con las barras futboleras.<\/div>\n<div style=\"text-align: justify;\"><\/div>\n<div style=\"text-align: justify;\">Eso s\u00ed, los metaleros \u2013mucha melena, Pantene y cors\u00e9\u2013 se mimetizan en las calles mientras gritan \u201cqu\u00e9 chimba hijueputa\u201d, pero el d\u00eda de Rock al Parque dejan de matar gatos, salen por debajo de las piedras o, mejor dicho, de entre las tumbas, para ser el p\u00fablico m\u00e1s fiel de este festival.<\/div>\n<div style=\"text-align: justify;\"><\/div>\n<div style=\"text-align: justify;\"><strong style=\"font-style: inherit;\">Sobre drogas\u2026\u00a0<\/strong>\u00bf<strong style=\"font-style: inherit;\">qu\u00e9 les podemos decir?<\/strong><\/div>\n<div style=\"text-align: justify;\"><\/div>\n<div style=\"text-align: justify;\">\n<div>En \u00c9chele trabajamos con la gente a la que la prevenci\u00f3n no le sirvi\u00f3 y que consume drogas, pero que tampoco las quiere dejar y no considera que tiene problemas con ellas. Nos apoya, con gran valent\u00eda, la Secretar\u00eda Distrital de Salud de Bogot\u00e1 y por eso es p\u00fablico y gratuito para las nuevas ciudadan\u00edas. En Rock al Parque tuvimos un estand Informativo, una\u00a0<em style=\"font-weight: inherit;\">zona de recuperaci\u00f3n<\/em>\u00a0y batimos nuestro r\u00e9cord con el Servicio de An\u00e1lisis de Sustancias (S.A.S.) que, una vez m\u00e1s, y para continuar con la sorpresa, tuvo una gran acogida por la tomba, el Fondo para la Prevenci\u00f3n y Atenci\u00f3n a Emergencias (Fopae), las secretar\u00edas de Salud y de Gobierno, as\u00ed como los m\u00e1s importantes: la poblaci\u00f3n usuaria de drogas.<\/div>\n<div><\/div>\n<\/div>\n<div style=\"text-align: justify;\">La\u00a0<em style=\"font-weight: inherit;\">zona de recuperaci\u00f3n<\/em>\u00a0sorprendi\u00f3 con audiovisuales psicoactivos cuyo erotismo espabil\u00f3 y a algunos cautiv\u00f3 m\u00e1s que Molotov. Recibimos personas ca\u00eddas, agotadas, agredidas, vomitadas, a rastras por p\u00e1lidas, en su mayor\u00eda por mezclas de bebidas energizantes y marihuana \u201ccripa\u201d. La requisa de la tomba a la entrada del festival hizo que un chico, por jartarse media de guaro en la entrada, nos llegara en fondo blanco a la carpa de recuperaci\u00f3n.<\/div>\n<div style=\"text-align: justify;\"><\/div>\n<div style=\"text-align: justify;\"><\/div>\n<div style=\"text-align: justify;\"><a href=\"http:\/\/www.corporacion-ats.com\/2014echele\/wp-content\/uploads\/2014\/09\/41f41335839ccf1ee9a534ff4810f904.gif\" target=\"_blank\" rel=\"noopener\"><img decoding=\"async\" class=\"aligncenter size-full wp-image-1241\" src=\"http:\/\/www.corporacion-ats.com\/2014echele\/wp-content\/uploads\/2014\/09\/41f41335839ccf1ee9a534ff4810f904.gif\" alt=\"41f41335839ccf1ee9a534ff4810f904\" width=\"900\" height=\"600\" title=\"\"><\/a><\/div>\n<div style=\"text-align: justify;\"><\/div>\n<div style=\"text-align: justify;\">\n<div><span class=\"photo_caption\" style=\"color: #666666;\">\u00a0<\/span><\/div>\n<div><\/div>\n<div>M\u00e1s de 250 personas por \u201cintoxicaci\u00f3n et\u00edlica\u201d en el servicio de urgencias del parque, es un indicio evidente de que la mayor\u00eda del alcohol que se estaba vendiendo era adulterado. Confirmamos una vez m\u00e1s que se trata de la m\u00e1s riesgosa de las sustancias.<\/div>\n<div><\/div>\n<div>Tambi\u00e9n llegaron varias personas prim\u00edparas con traba de pajarito (aquella que no fuma pero la maluquea el humo ajeno). Tampoco falt\u00f3 el consumo inyectado, especialmente de ketamina, cuyo manoseo llega a poblaci\u00f3n cada vez m\u00e1s joven y a la que se atendi\u00f3 desde la m\u00e1s firme convicci\u00f3n en reducci\u00f3n de da\u00f1os.<\/div>\n<div><\/div>\n<div>Sobre las sustancias ilegales, nuestros contactos nos informaron que \u201cincautaron\u201d m\u00e1s de tres kilos de drogas en la entrada del festival, y si esto lo cruzamos con las tendencias internacionales, que calculan que se incauta entre el 10% y 15% de lo que se trafica, entonces calcule usted cu\u00e1nto se pudo mover en Rock al Parque.<\/div>\n<div><\/div>\n<div><\/div>\n<div><a href=\"http:\/\/www.corporacion-ats.com\/2014echele\/wp-content\/uploads\/2014\/09\/test.jpg\" target=\"_blank\" rel=\"noopener\"><img loading=\"lazy\" decoding=\"async\" class=\"aligncenter size-full wp-image-1242\" src=\"http:\/\/www.corporacion-ats.com\/2014echele\/wp-content\/uploads\/2014\/09\/test.jpg\" alt=\"test\" width=\"960\" height=\"640\" title=\"\"><\/a><\/div>\n<div><\/div>\n<div><\/div>\n<div><\/div>\n<div>\n<div>Al S.A.S. llegaron 40 muestras, tampoco es que sea tanto, pero nos llena de alegr\u00eda saber que hubo gente que esper\u00f3 a que le teste\u00e1ramos sus sustancias antes de pon\u00e9rselas, o el que se dio cuenta y al otro d\u00eda trajo los guardados desde la casa. Confirmamos que la sustancia m\u00e1s popular ahora es el LSD, pero parad\u00f3jicamente es la m\u00e1s falseada, la mayor\u00eda de las muestras dieron negativo para LSD, en pocas semanas sabremos qu\u00e9 eran, pero parece ser que la<a style=\"font-weight: bold; color: #000000;\" href=\"http:\/\/www.vice.com\/es_co\/read\/el-adulterante-que-le-mezclan-al-lsd-en-colombia-te-puede-daar-los-riones\" target=\"_blank\" rel=\"noopener\">tendencia<\/a>\u00a0de la feniletilamina se mantiene con el 2CI-NBOME.<\/div>\n<div><\/div>\n<div>\u201cEl perico\u201d, \u201cla perica\u201d o coca\u00edna, esta vez rompi\u00f3 el r\u00e9cord de mala calidad: encontramos varias muestras que ni siquiera lo eran y la mayor\u00eda no subi\u00f3 del 50%. Eso s\u00ed, no duden que llegaron un par de cartones de alto componente activo de LSD, tambi\u00e9n una pepa de \u00e9xtasis con m\u00e1s de 150 miligramos de MDMA (las normales traen aproximadamente 80) y un par de coca\u00ednas superiores al 75%, todo lo cual quiere decir que hay un poco de todo, desde quien consume de alta calidad, hasta a quien lo marranean y estafan y a\u00fan sabi\u00e9ndose comprando basura le jala al mejor (im)postor. Con decirles que lleg\u00f3 el caso de un man que se puso a oler y se brot\u00f3 con manchas rojas en la piel.<\/div>\n<div><\/div>\n<div>Hasta aqu\u00ed la catadita, espere el reporte completo de todas las sustancias en unas dos semanas a trav\u00e9s de la p\u00e1gina web\u00a0<a style=\"font-weight: bold; color: #000000;\" href=\"https:\/\/www.echelecabeza.com\/\">www.echelecabeza.com<\/a>\u00a0que reproduciremos en este mismo espacio. No olvide comer bien antes de trabarse, siempre hidratarse, andar con gente de confianza, y tener en cuenta que una dosis de coca\u00edna (un gramo) medianamente buena, nunca, nunca, pero nunca en la vida cuesta menos de diez mil pesos, que los tripis no tienen sabor y el alcohol es la sustancia que m\u00e1s embrutece.<\/div>\n<div><\/div>\n<div>Publicaci\u00f3n\u00a0<a href=\"http:\/\/www.vice.com\/es_co\/read\/confirmado-una-vez-mas-el-alcohol-es-la-peor-de-todas\" target=\"_blank\" rel=\"noopener\">Revista VICE<\/a><\/div>\n<\/div>\n<\/div>\n<p style=\"text-align: justify;\">\n<\/div>\n<\/div>\n<\/div>\n<\/section>\n","protected":false},"excerpt":{"rendered":"<p>Por \u00c9chele Cabeza-ATS Todas las fotos v\u00eda\u00a0La Sucursal &#8211; \u00c9chele Cabeza. Hace un par de semanas, el editor general de [&hellip;]<\/p>\n","protected":false},"author":3,"featured_media":1239,"comment_status":"open","ping_status":"open","sticky":false,"template":"","format":"standard","meta":{"site-sidebar-layout":"default","site-content-layout":"","ast-site-content-layout":"default","site-content-style":"default","site-sidebar-style":"default","ast-global-header-display":"","ast-banner-title-visibility":"","ast-main-header-display":"","ast-hfb-above-header-display":"","ast-hfb-below-header-display":"","ast-hfb-mobile-header-display":"","site-post-title":"","ast-breadcrumbs-content":"","ast-featured-img":"","footer-sml-layout":"","theme-transparent-header-meta":"","adv-header-id-meta":"","stick-header-meta":"","header-above-stick-meta":"","header-main-stick-meta":"","header-below-stick-meta":"","astra-migrate-meta-layouts":"default","ast-page-background-enabled":"default","ast-page-background-meta":{"desktop":{"background-color":"var(--ast-global-color-4)","background-image":"","background-repeat":"repeat","background-position":"center center","background-size":"auto","background-attachment":"scroll","background-type":"","background-media":"","overlay-type":"","overlay-color":"","overlay-opacity":"","overlay-gradient":""},"tablet":{"background-color":"","background-image":"","background-repeat":"repeat","background-position":"center center","background-size":"auto","background-attachment":"scroll","background-type":"","background-media":"","overlay-type":"","overlay-color":"","overlay-opacity":"","overlay-gradient":""},"mobile":{"background-color":"","background-image":"","background-repeat":"repeat","background-position":"center center","background-size":"auto","background-attachment":"scroll","background-type":"","background-media":"","overlay-type":"","overlay-color":"","overlay-opacity":"","overlay-gradient":""}},"ast-content-background-meta":{"desktop":{"background-color":"var(--ast-global-color-5)","background-image":"","background-repeat":"repeat","background-position":"center center","background-size":"auto","background-attachment":"scroll","background-type":"","background-media":"","overlay-type":"","overlay-color":"","overlay-opacity":"","overlay-gradient":""},"tablet":{"background-color":"var(--ast-global-color-5)","background-image":"","background-repeat":"repeat","background-position":"center center","background-size":"auto","background-attachment":"scroll","background-type":"","background-media":"","overlay-type":"","overlay-color":"","overlay-opacity":"","overlay-gradient":""},"mobile":{"background-color":"var(--ast-global-color-5)","background-image":"","background-repeat":"repeat","background-position":"center center","background-size":"auto","background-attachment":"scroll","background-type":"","background-media":"","overlay-type":"","overlay-color":"","overlay-opacity":"","overlay-gradient":""}},"footnotes":""},"categories":[1],"tags":[],"class_list":["post-1238","post","type-post","status-publish","format-standard","has-post-thumbnail","hentry","category-publicaciones"],"_links":{"self":[{"href":"https:\/\/www.echelecabeza.com\/wp-json\/wp\/v2\/posts\/1238","targetHints":{"allow":["GET"]}}],"collection":[{"href":"https:\/\/www.echelecabeza.com\/wp-json\/wp\/v2\/posts"}],"about":[{"href":"https:\/\/www.echelecabeza.com\/wp-json\/wp\/v2\/types\/post"}],"author":[{"embeddable":true,"href":"https:\/\/www.echelecabeza.com\/wp-json\/wp\/v2\/users\/3"}],"replies":[{"embeddable":true,"href":"https:\/\/www.echelecabeza.com\/wp-json\/wp\/v2\/comments?post=1238"}],"version-history":[{"count":0,"href":"https:\/\/www.echelecabeza.com\/wp-json\/wp\/v2\/posts\/1238\/revisions"}],"wp:featuredmedia":[{"embeddable":true,"href":"https:\/\/www.echelecabeza.com\/wp-json\/wp\/v2\/media\/1239"}],"wp:attachment":[{"href":"https:\/\/www.echelecabeza.com\/wp-json\/wp\/v2\/media?parent=1238"}],"wp:term":[{"taxonomy":"category","embeddable":true,"href":"https:\/\/www.echelecabeza.com\/wp-json\/wp\/v2\/categories?post=1238"},{"taxonomy":"post_tag","embeddable":true,"href":"https:\/\/www.echelecabeza.com\/wp-json\/wp\/v2\/tags?post=1238"}],"curies":[{"name":"wp","href":"https:\/\/api.w.org\/{rel}","templated":true}]}}