{"id":134,"date":"2014-04-28T00:20:13","date_gmt":"2014-04-28T00:20:13","guid":{"rendered":"http:\/\/www.corporacion-ats.com\/2014echele\/?p=134"},"modified":"2014-04-28T00:20:13","modified_gmt":"2014-04-28T00:20:13","slug":"lo-politico-de-la-reduccion-de-riesgos-y-la-mitigacion-de-danos","status":"publish","type":"post","link":"https:\/\/www.echelecabeza.com\/lo-politico-de-la-reduccion-de-riesgos-y-la-mitigacion-de-danos\/","title":{"rendered":"Lo pol\u00edtico de la reducci\u00f3n de riesgos y la mitigaci\u00f3n de da\u00f1os"},"content":{"rendered":"<section>\n<div class=\"pix_column pix_column_730\">\n<div class=\"pix_column pix_column_730 alignleft\" data-class=\"pix_column alignleft pix_column_730\">\n<div id=\"cc-m-6125750782\" class=\"n j-text\">\n<p style=\"text-align: justify;\"><em>El derecho a emancipar la conciencia y subvertir los pensamientos, distorsionar la realidad o simplemente a embriagar la mente, es un derecho no mentado, pero fundamental e inalienable.<\/em><\/p>\n<p style=\"text-align: justify;\">Por: \u00a0Felipe Cuervo \/ Soci\u00f3logo para \u00c9chele Cabeza<\/p>\n<\/div>\n<div id=\"cc-m-6125677882\" class=\"n j-imageSubtitle\" style=\"text-align: justify;\">\n<div class=\"clearover\"><\/div>\n<div class=\"clearover\">Al hablar sobre factores de riesgo frente al consumo de Sustancias Psicoactivas (SPA), para las personas usuarias implica adem\u00e1s de todos los componentes primarios (consecuencias m\u00e9dicas y sanitarias directas del consumo) tambi\u00e9n elementos de riesgo sociopol\u00edticos, derivados de la condici\u00f3n de ilegalidad de algunas de estas actividades. Riesgos relacionados con la vulneraci\u00f3n de derechos humanos, cuyos coletazos se resienten tambi\u00e9n desde la perspectiva de logros civiles y de ciudadan\u00eda, acarreando la invisibilizaci\u00f3n de usuaria y usuario como sujetos pol\u00edticos.\u00a0<strong>Dentro de una sociedad como la colombiana,<\/strong>\u00a0a partir del momento en el que una persona decide asumirse como consumidora de sustancias (en condici\u00f3n no problem\u00e1tica) especialmente ilegales,\u00a0<strong>se ve sometida a toda una serie de juicios y supuestos basados en prejuicios<\/strong>, imaginarios y estereotipos con los cuales fumarse un porro o meterse un pase de perico se equipara a acciones delincuenciales, criminales, viciosas o propias de un individuo enfermo, desviado\u00a0<em>no-normal<\/em><strong>,<\/strong>\u00a0en definitiva como la representaci\u00f3n de \u201clos males de la sociedad\u201d. Adem\u00e1s, fuera de todo, se lo juzga como auspiciador del conflicto armado y el terrorismo.<\/div>\n<\/div>\n<div id=\"cc-m-6125662182\" class=\"n j-text\" style=\"text-align: justify;\">\n<p>Las connotaciones propias de las palabras \u201cdroga\u201d o \u201cdrogadicto\u201d para referirse a todas las sustancias y a todos los tipos de personas usuarias hace mas referencia, seg\u00fan estudios como los de Lamo de Espinoza (1989), a \u201cun estereotipo que sirve para estigmatizar al muchacho que fuma porro, pero no al ama de casa que se emborracha todas las ma\u00f1anas, o al ejecutivo de clase media metido en el mundo de los barbit\u00faricos para dormir y las anfetaminas para levantarse\u201d.<\/p>\n<\/div>\n<div id=\"cc-m-6125664782\" class=\"n j-text\" style=\"text-align: justify;\">\n<p>En nuestro contexto, especialmente condicionado por la carga del \u201cconflicto\u201d, el discurso institucional y las estrategias de acci\u00f3n frente al consumo de SPA ilegales\u00a0<strong>son resultado de procesos pol\u00edticos y sociales que se encuentran directamente relacionados con estos imaginarios, generando una visi\u00f3n sesgada y alejada no s\u00f3lo de las realidades del consumo<\/strong>\u00a0sino de la poblaci\u00f3n\u00a0usuaria, en donde prima un enfoque m\u00e9dico-psiqui\u00e1trico y judicial-coercitivo. Dicha \u00f3ptica persigue a la persona usuaria invisibilizando sus necesidades y demandas como ciudadana mientras deslegitima la necesidad de virar hacia un paradigma m\u00e1s a tono en t\u00e9rminos de salud p\u00fablica.<\/p>\n<p>En estos t\u00e9rminos, los principales riesgos a los cuales se ve expuesta cualquier persona usuaria de SPA (ilegales) se relacionan con:<strong>\u00a0<\/strong><\/p>\n<h5>D<strong>esinformaci\u00f3n<\/strong><\/h5>\n<p>Entendida como la falta de acceso a insumos veraces, pertinentes y concretos en virtud de los cuales cualquier persona pueda optar, basada en una decisi\u00f3n informada, por un determinado consumo o no. En el caso de las sustancias ilegales, debido a la evidente falta de regulaciones o controles de calidad, los m\u00e1rgenes de riesgo frente al consumo de una u otra SPA son muchos m\u00e1s amplios, sumado a <strong>la generaci\u00f3n de p\u00e1nico preventivo que redunda en lo sesgado, moralizado, inexacto y deformado<\/strong>, algo que a su vez ha vuelto esc\u00e9ptica a poblaci\u00f3n usuaria sobre la rigurosidad de las advertencias y los verdaderos peligros de este tipo de pr\u00e1cticas.<\/p>\n<p>&nbsp;<\/p>\n<h5><strong>Estigmatizaci\u00f3n<\/strong><\/h5>\n<p>Remite al\u00a0<strong>dominio simb\u00f3lico del estereotipo negativo de la persona usuaria<\/strong>, que permea la estigmatizaci\u00f3n legal, la violaci\u00f3n a derechos y la invisibilizaci\u00f3n, desencadenando en la marginaci\u00f3n y la autoexclusi\u00f3n de sus entornos relacionales habituales (la familia, el colegio, el parche, el trabajo, entre otros), lo que facilita en esa medida un acercamiento a contextos y din\u00e1micas de consumo problem\u00e1ticos. La estigmatizaci\u00f3n hace que las personas usuarias no asuman conciencia de sus derechos y responsabilidades, pero s\u00ed tengan que arrastrar culpas ajenas por taras innecesarias, sobre efectos o consecuencias sociales, culturales, pol\u00edticas y econ\u00f3micas que se les obliga a convencerse repercuten sus consumos.<\/p>\n<p><em>El derecho a emancipar la conciencia y subvertir los pensamientos, distorsionar la realidad o simplemente a embriagar la mente, es un derecho no mentado, pero fundamental e inalienable <\/em>desde el<\/p>\n<\/div>\n<div id=\"cc-m-6125833482\" class=\"n j-imageSubtitle\" style=\"text-align: justify;\">\n<div class=\"clearover\">\n<p>momento en que alguno de nuestros antepasados decidi\u00f3 comer la fruta que estaba agria, las vallas que encontr\u00f3 en su camino o las flores que m\u00e1s llamaron su atenci\u00f3n y abri\u00f3 su puerta para otra percepci\u00f3n de las cosas. El hecho de asumir \u00edntegramente este derecho, ejercerlo racional y conscientemente dentro de nuestros entornos vitales, no puede ser un argumento para que los discursos dominantes y homogenizantes de la sociedad desestructuren los (nuestros) derechos civiles ni nuestras demandas como ciudadan\u00eda. La relaci\u00f3n de las sociedades con sus demandas internas de consumo de psicoactivos u otras sustancias no est\u00e1 dictaminada por procesos de degeneraci\u00f3n o decadencia, sino por la representaci\u00f3n de las demandas de imaginarios colectivos sobre el placer y la emoci\u00f3n, de formas de resignificaci\u00f3n de uso del tiempo libre, de nuevas formas de ratificaci\u00f3n y reivindicaci\u00f3n de identidades diversas, las cuales se ven expresadas como din\u00e1micas de consumo dentro de la estructura del mercado.<\/p>\n<p>Respecto a tales procesos y en referencia a un discurso de reducci\u00f3n de riesgos y da\u00f1os para personas usuarias de SPA donde se consideran, desde las afectaciones m\u00e9dicas y sanitarias directas del uso y el abuso, hasta los condicionantes sociales, pol\u00edticos y jur\u00eddicos de ser usuarias y usuarios de SPA, quedan manifestados como derechos fundamentales:<\/p>\n<p><em>Derecho a la dignidad y al libre desarrollo de la personalidad.<\/em><\/p>\n<p><em>Derecho a la igualdad y a la no discriminaci\u00f3n.<\/em><\/p>\n<p><em>Derecho a seguridad jur\u00eddica, al adecuado y oportuno conocimiento y defensa de sus derechos en condiciones de igualdad.<\/em><\/p>\n<p><em>Derecho a participar activamente como ciudadan\u00eda y persona sujeto plena de derechos.<\/em><\/p>\n<p><em>Derecho a la protecci\u00f3n de la salud y a la asistencia m\u00e9dica bajo condiciones de respeto, dignidad y confidencialidad.<\/em><\/p>\n<p><em>Derecho a un trabajo digno.<\/em><\/p>\n<\/div>\n<\/div>\n<div id=\"cc-m-6125737282\" class=\"n j-imageSubtitle\" style=\"text-align: justify;\">\n<div class=\"clearover\">\n<div class=\"caption cc-m-image-align-1\"><\/div>\n<div class=\"caption cc-m-image-align-1\">Infograf\u00eda: Felipe Cuervo\/ Vlado Montes<\/div>\n<\/div>\n<\/div>\n<div id=\"cc-m-6125739482\" class=\"n j-text\" style=\"text-align: justify;\">\n<p>La ratificaci\u00f3n de derechos trae consigo la asunci\u00f3n de una carga de responsabilidades, sobre las cuales se erige la legitimidad de las exigencias y la lucha por el reconocimiento del derecho. El funcionamiento y equilibrio de la relaci\u00f3n derechos \u2013 deberes se estructura en un sistema basado en el principio de la corresponsabilidad entre las partes, las instituciones y la ciudadan\u00eda, la sociedad y la persona consumidora.<\/p>\n<p>El acto de usar SPA y en el proceso acceder a un estado alterado, pude ser un acto l\u00facido y responsable mediado por \u00a0conciencia del riesgo y la autorregulaci\u00f3n, del placer y del dolor, de lo legal y lo ilegal.<\/p>\n<\/div>\n<\/div>\n<\/div>\n<\/section>\n","protected":false},"excerpt":{"rendered":"<p>El derecho a emancipar la conciencia y subvertir los pensamientos, distorsionar la realidad o simplemente a embriagar la mente, es [&hellip;]<\/p>\n","protected":false},"author":3,"featured_media":1694,"comment_status":"open","ping_status":"open","sticky":false,"template":"","format":"standard","meta":{"site-sidebar-layout":"default","site-content-layout":"","ast-site-content-layout":"default","site-content-style":"default","site-sidebar-style":"default","ast-global-header-display":"","ast-banner-title-visibility":"","ast-main-header-display":"","ast-hfb-above-header-display":"","ast-hfb-below-header-display":"","ast-hfb-mobile-header-display":"","site-post-title":"","ast-breadcrumbs-content":"","ast-featured-img":"","footer-sml-layout":"","theme-transparent-header-meta":"","adv-header-id-meta":"","stick-header-meta":"","header-above-stick-meta":"","header-main-stick-meta":"","header-below-stick-meta":"","astra-migrate-meta-layouts":"default","ast-page-background-enabled":"default","ast-page-background-meta":{"desktop":{"background-color":"var(--ast-global-color-4)","background-image":"","background-repeat":"repeat","background-position":"center center","background-size":"auto","background-attachment":"scroll","background-type":"","background-media":"","overlay-type":"","overlay-color":"","overlay-opacity":"","overlay-gradient":""},"tablet":{"background-color":"","background-image":"","background-repeat":"repeat","background-position":"center center","background-size":"auto","background-attachment":"scroll","background-type":"","background-media":"","overlay-type":"","overlay-color":"","overlay-opacity":"","overlay-gradient":""},"mobile":{"background-color":"","background-image":"","background-repeat":"repeat","background-position":"center center","background-size":"auto","background-attachment":"scroll","background-type":"","background-media":"","overlay-type":"","overlay-color":"","overlay-opacity":"","overlay-gradient":""}},"ast-content-background-meta":{"desktop":{"background-color":"var(--ast-global-color-5)","background-image":"","background-repeat":"repeat","background-position":"center center","background-size":"auto","background-attachment":"scroll","background-type":"","background-media":"","overlay-type":"","overlay-color":"","overlay-opacity":"","overlay-gradient":""},"tablet":{"background-color":"var(--ast-global-color-5)","background-image":"","background-repeat":"repeat","background-position":"center center","background-size":"auto","background-attachment":"scroll","background-type":"","background-media":"","overlay-type":"","overlay-color":"","overlay-opacity":"","overlay-gradient":""},"mobile":{"background-color":"var(--ast-global-color-5)","background-image":"","background-repeat":"repeat","background-position":"center center","background-size":"auto","background-attachment":"scroll","background-type":"","background-media":"","overlay-type":"","overlay-color":"","overlay-opacity":"","overlay-gradient":""}},"footnotes":""},"categories":[1],"tags":[],"class_list":["post-134","post","type-post","status-publish","format-standard","has-post-thumbnail","hentry","category-publicaciones"],"_links":{"self":[{"href":"https:\/\/www.echelecabeza.com\/wp-json\/wp\/v2\/posts\/134","targetHints":{"allow":["GET"]}}],"collection":[{"href":"https:\/\/www.echelecabeza.com\/wp-json\/wp\/v2\/posts"}],"about":[{"href":"https:\/\/www.echelecabeza.com\/wp-json\/wp\/v2\/types\/post"}],"author":[{"embeddable":true,"href":"https:\/\/www.echelecabeza.com\/wp-json\/wp\/v2\/users\/3"}],"replies":[{"embeddable":true,"href":"https:\/\/www.echelecabeza.com\/wp-json\/wp\/v2\/comments?post=134"}],"version-history":[{"count":0,"href":"https:\/\/www.echelecabeza.com\/wp-json\/wp\/v2\/posts\/134\/revisions"}],"wp:featuredmedia":[{"embeddable":true,"href":"https:\/\/www.echelecabeza.com\/wp-json\/wp\/v2\/media\/1694"}],"wp:attachment":[{"href":"https:\/\/www.echelecabeza.com\/wp-json\/wp\/v2\/media?parent=134"}],"wp:term":[{"taxonomy":"category","embeddable":true,"href":"https:\/\/www.echelecabeza.com\/wp-json\/wp\/v2\/categories?post=134"},{"taxonomy":"post_tag","embeddable":true,"href":"https:\/\/www.echelecabeza.com\/wp-json\/wp\/v2\/tags?post=134"}],"curies":[{"name":"wp","href":"https:\/\/api.w.org\/{rel}","templated":true}]}}