{"id":1490,"date":"2015-04-11T20:08:55","date_gmt":"2015-04-11T20:08:55","guid":{"rendered":"https:\/\/www.echelecabeza.com\/?p=1490"},"modified":"2015-04-11T20:08:55","modified_gmt":"2015-04-11T20:08:55","slug":"lo-publico-en-lo-privado-investigacion-y-servicio-de-analisis-de-sustancias-en-estereo-picnic1","status":"publish","type":"post","link":"https:\/\/www.echelecabeza.com\/lo-publico-en-lo-privado-investigacion-y-servicio-de-analisis-de-sustancias-en-estereo-picnic1\/","title":{"rendered":"Lo p\u00fablico en lo privado: Investigaci\u00f3n y Servicio de An\u00e1lisis de sustancias en Est\u00e9reo Picnic"},"content":{"rendered":"<section>\n<div class=\"pix_column pix_column_990\">\n<div class=\"pix_column pix_column_990 alignleft\" data-class=\"pix_column alignleft pix_column_990\">\n<p><strong>Por:<br \/>\n<\/strong>Vannesa Morris. Coordinadora \u00c9chele Cabeza cuando se d\u00e9 en la cabeza<br \/>\n<span style=\"line-height: 1.8em;\">Juli\u00e1n Quintero. Director Acci\u00f3n T\u00e9cnica Social<br \/>\n<\/span><span style=\"line-height: 1.8em;\">Juli\u00e1n Molina. Coordinador Servicio de An\u00e1lisis de Sustancias<\/span><\/p>\n<p style=\"text-align: justify;\"><em>M\u00e1s de 145 muestras de sustancias psicoativas analizadas y entregadas por los usuarios de manera voluntaria, 800 asesor\u00edas directas sobre mitigaci\u00f3n, disminuci\u00f3n de riesgos y prevenci\u00f3n en el consumo de \u00e9stas; son el resultado de la intervenci\u00f3n de nuestro Proyecto \u00a0 \u00c9chele Cabeza Cuando se de en la cabeza y del Servicio de An\u00e1lisis de Sustancias (SAS) durante los tres d\u00edas de intervenci\u00f3n en este evento.<\/em><\/p>\n<p><em style=\"line-height: 1.8em;\">Los organizadores de Est\u00e9reo Picnic y ATS logramos, en un trabajo articulado, adem\u00e1s de lo anterior, promover el cuidado de la salud de los asistentes y\u00a0\u00a0 cambiar el comportamiento en su consumo.<\/em><\/p>\n<h5><strong>Una breve introducci\u00f3n.<\/strong><\/h5>\n<p><img fetchpriority=\"high\" decoding=\"async\" class=\"aligncenter size-full wp-image-1661\" src=\"http:\/\/www.corporacion-ats.com\/2014echele\/wp-content\/uploads\/2015\/04\/10930074_744389152325552_3327464604281389977_n.jpg\" alt=\"10930074_744389152325552_3327464604281389977_n\" width=\"960\" height=\"640\" title=\"\"><\/p>\n<p style=\"text-align: justify;\">Desde hace m\u00e1s de dos\u00a0a\u00f1os la Corporaci\u00f3n ATS y los organizadores de Est\u00e9reo P\u00edcnic empezamos a contactarnos con el \u00e1nimo de participar en el festival. Cartas fueron y vinieron, condiciones m\u00ednimas se pusieron en la mesa y la madurez fue llegando a su punto para realizar esta alianza que se consum\u00f3 en el 2015.<\/p>\n<p style=\"text-align: justify;\">El apoyo discreto y constante del empresario Julio Correal fue clave en esta alianza. Julio pas\u00f3 de los lamentos por el consumo de los j\u00f3venes, a brindarles respuestas reales y concretas para prevenir y reducir los riesgos y da\u00f1os derivados de esta pr\u00e1ctica.<\/p>\n<p style=\"text-align: justify;\">Queremos empezar por hacer un reconocimiento al Festival: Por su ardua labor en la preparaci\u00f3n y realizaci\u00f3n del mismo, tambi\u00e9n reconocer su valent\u00eda social y pol\u00edtica en asumir este reto de innovaci\u00f3n social e invitarnos como sus aliados.<\/p>\n<p style=\"text-align: justify;\">Agradecemos al p\u00fablico en general que confi\u00f3 en nosotros y nos permiti\u00f3 brindarles informaci\u00f3n puntual sobre el uso y el abuso de las sustancias.<\/p>\n<p style=\"text-align: justify;\">Felicitamos a los usuarios que tomaron la decisi\u00f3n de no consumir durante\u00a0estos d\u00edas cuando tuvieron la intenci\u00f3n de hacerlo y cambiaron de opini\u00f3n al darse cuenta que no era lo que esperaban, pues el resultado del an\u00e1lisis dio negativo en las pastillas de \u00e9xtasis o porque la cantidad de adulterantes en la coca\u00edna era mayor a lo que pensaban.<\/p>\n<p style=\"text-align: justify;\"><span style=\"line-height: 1.8em;\">Como se lo dijimos hace unas semanas a un medio de comunicaci\u00f3n: <\/span><em style=\"line-height: 1.8em;\">\u201cSomos el \u00faltimo eslab\u00f3n antes del consumo. Cuando usted no le crey\u00f3 al profesor, cuando usted no le hizo caso a su padre, cuando usted ya no les tiene miedo a los curas ni al pecado y cuando el polic\u00eda no logr\u00f3 quitarle la sustancia, nosotros estamos: somos el momento previo al consumo de las sustancias. Cuando usted nos visita ya ha tomado la decisi\u00f3n de hacerlo y nadie puede imped\u00edrselo\u201d<\/em><\/p>\n<h5 style=\"text-align: justify;\"><strong>\u00c9chele cabeza es la respuesta en educaci\u00f3n y respeto por los derechos humanos, la salud p\u00fablica y las libertades individuales<\/strong>.<\/h5>\n<p><img decoding=\"async\" class=\"aligncenter size-full wp-image-1658\" src=\"http:\/\/www.corporacion-ats.com\/2014echele\/wp-content\/uploads\/2015\/04\/11065888_743915639039570_547937776885240698_n.jpg\" alt=\"11065888_743915639039570_547937776885240698_n\" width=\"810\" height=\"540\" title=\"\"><\/p>\n<p style=\"text-align: justify;\">Tres elementos que han hecho que el consumo de sustancias psicoactivas sea visto como un fen\u00f3meno social que puede ser regulado y autorregulado teniendo como principio el derecho al placer. Aunque este \u00faltimo es cuestionado y puesto en duda por la moral, la culpa, los medios de comunicaci\u00f3n y las instituciones sociales.<\/p>\n<p style=\"text-align: justify;\">Cada quien es libre de decidir con qu\u00e9 quiere sentir placer hoy, el problema para nosotros no es sentir placer por consumir drogas, el problema radica cuando se pierden los limites porque es ah\u00ed donde se descontextualiza el consumo.<\/p>\n<p style=\"text-align: justify;\">\u201cUna sociedad que fomenta la compulsividad y la satisfacci\u00f3n inmediata- sea con drogas, dinero, poder, sexo, o relaciones personales- ser\u00e1 una sociedad de la desmesura. Culpar a las drogas de ello, es una explicaci\u00f3n simple a un problema complejo.\u201d (Par\u00e9s, 2013)<\/p>\n<p style=\"text-align: justify;\">La relevancia medi\u00e1tica que tuvo la participaci\u00f3n de \u00c9chele Cabeza en el Festival Est\u00e9reo Picnic y la ins\u00edpida pol\u00e9mica que quisieron armar algunos medios de comunicaci\u00f3n con m\u00e1s prejuicios que argumentos viene por la novedad que gener\u00f3 el programa en acci\u00f3n. Muchas personas pensaron que era primera vez que se hac\u00eda esto en Colombia, pero no es as\u00ed.<\/p>\n<p style=\"text-align: justify;\">El Proyecto \u00c9chele Cabeza fue creado en el a\u00f1o 2009 con recursos del Ministerio de Salud y Protecci\u00f3n Social administrados por UNODC (Naciones unidas contra la droga y el delito), hasta el 2013 ha funcionado con recursos propios de la Corporaci\u00f3n ATS y desde el a\u00f1o 2013 viene siendo apoyado por la Secretar\u00eda Distrital de Salud de Bogot\u00e1.<\/p>\n<p style=\"text-align: justify;\">Megafestivalesvales como Rock al Parque, Hip Hop al Parque, festivales locales, grandes discotecas, raves, escena underground etc, han sido escenario de nuestras intervenciones.\u00a0Seguramente por nuestra experiencia e infraestructura no hubi\u00e9ramos sido capaces de responder a un festival como est\u00e9reo Picnic hace tres a\u00f1os.<\/p>\n<p style=\"text-align: justify;\">Hoy en d\u00eda esta madurez ha llegado por la pr\u00e1ctica y el apoyo de las Instituciones p\u00fablicas y del ejercicio de brindarle a la empresa privada del espect\u00e1culo, un servicio de salud p\u00fablica con respeto a los derechos humanos y reconocimiento de las libertades individuales, algo que sin duda parte en dos la historia del abordaje del consumo de sustancias psicoactivas en Colombia y que no tiene vuelta atr\u00e1s.<\/p>\n<p style=\"text-align: justify;\">Ahora si pasemos al informe.<\/p>\n<h5><strong>El festival<\/strong><\/h5>\n<p><img decoding=\"async\" class=\"aligncenter size-full wp-image-1657\" src=\"http:\/\/www.corporacion-ats.com\/2014echele\/wp-content\/uploads\/2015\/04\/10329277_744388735658927_3100897011539870341_n.jpg\" alt=\"10329277_744388735658927_3100897011539870341_n\" width=\"810\" height=\"540\" title=\"\"><\/p>\n<p style=\"text-align: justify;\">Durante los 3 d\u00edas del festival tuvimos una gran afluencia de p\u00fablicos diversos, j\u00f3venes y adultos entre los 18 y 43 a\u00f1os pasaron por nuestro Stand informativo dej\u00e1ndose orientar y brindar informaci\u00f3n frente al consumo de sustancias psicoactivas.<\/p>\n<p style=\"text-align: justify;\">Adicional al servicio de informaci\u00f3n tuvimos nuestro Servicio de An\u00e1lisis de Sustancias el que identific\u00e1bamos: 1) La presencia o ausencia de una sustancia. 2) La cantidad de la sustancia sobre la muestra y 3) La presencia de otras sustancias. Esto con el fin de orientar a los usuarios sobre los riesgos y los da\u00f1os de la calidad de las sustancias psicoactivas en su cuerpo.<\/p>\n<p style=\"text-align: justify;\">Aunque al principio hubo un desconocimiento por la estrategia, pues no se esperaba que un grupo de personas ofrecieran informaci\u00f3n con dise\u00f1os llamativos sobre el uso de drogas ilegales, el impacto fue positivo.<\/p>\n<p style=\"text-align: justify;\">En varias ocasiones los asistentes se sent\u00edan sorprendidos al obtener este tipo de informaci\u00f3n de manera tranquila y sin reproches. Muchos asistentes manifestaron abiertamente su consumo y se sintieron muy acogidos por la iniciativa. De igual manera las personas no consumidoras manifestaron la importancia de estos espacios y expresaron su inter\u00e9s y comprensi\u00f3n hacia el proyecto.<\/p>\n<p style=\"text-align: justify;\">Desde h\u00edpsters, hasta rockeros, gomelos y estudiantes, consumidores y no consumidores, padres de familia, bomberos y polic\u00edas, empresarios y actrices, medios de comunicaci\u00f3n y artistas todos pasaron por nuestro estand.<\/p>\n<p style=\"text-align: justify;\"><strong>Cabe aclarar que aunque estemos hablando en un evento en particular, este no es el festival de mayor consumo en Bogot\u00e1. Este al igual que los festivales distritales como Rock al Parque, Hip Hop al parque, Radikal styles, festivales locales, entre otros, presentan una din\u00e1mica similar en el consumo de drogas, solo que entre un festival y otro el consumo esta medido por la capacidad de adquisici\u00f3n y el acceso a las sustancias.<\/strong><\/p>\n<p style=\"text-align: justify;\">No es tan cierto que los \u201cgomelos\u201d snifan la mejor coca\u00edna y que consumen las mejores pastillas.<\/p>\n<h5><strong>El resultado<\/strong><\/h5>\n<p><img loading=\"lazy\" decoding=\"async\" class=\"aligncenter size-full wp-image-1659\" src=\"http:\/\/www.corporacion-ats.com\/2014echele\/wp-content\/uploads\/2015\/04\/11046219_744392115658589_8008289831923396515_n.jpg\" alt=\"11046219_744392115658589_8008289831923396515_n\" width=\"960\" height=\"640\" title=\"\"><\/p>\n<p><strong>Generalidades.<\/strong><\/p>\n<p>Fueron 129 los usuarios que utilizaron el SAS:<\/p>\n<ul>\n<li>El 35% eran mujeres y el 65% eran hombres.<\/li>\n<li>El 22% de los usuarios ya hab\u00eda utilizado el SAS con anterioridad.<\/li>\n<li>El 38% se enter\u00f3 del SAS en el evento.<\/li>\n<li>El 29% conoci\u00f3 sobre el Proyecto a trav\u00e9s de las redes sociales y nuestra p\u00e1gina web.<\/li>\n<li>El 33% por una persona cercana.<\/li>\n<\/ul>\n<p>&nbsp;<\/p>\n<p><strong>Sobre el consumo.<\/strong><\/p>\n<ul>\n<li>El 12% de los usuarios que se acercaron al SAS consum\u00edan por primera vez la sustancia que iban a analizar.<\/li>\n<li>El 68% de los usuarios que se acercaron al SAS analizaron su sustancia antes de consumirla.<\/li>\n<li>S\u00f3lo el 5% de los usuarios refieren no consumir otra SPA distinta a la que llevaron a analizar.<\/li>\n<\/ul>\n<p><strong>\u00a0<\/strong><\/p>\n<p><strong>Sobre las sustancias.<\/strong><strong>\u00a0<\/strong><\/p>\n<ul>\n<li>Las sustancias (adicional a la que analizaron) que m\u00e1s refieren consumir los usuarios fueron Alcohol, Marihuana, MDMA, LSD y Coca\u00edna.<\/li>\n<li>S\u00f3lo un 8% refirieron sustancias distintas tales como 2-CB, Salvia, Popper u hongos.<\/li>\n<\/ul>\n<p>&nbsp;<\/p>\n<p><strong>Sobre la forma en la que se adquieren las sustancias.<\/strong><\/p>\n<ul>\n<li>El 70% de los usuarios adquieren su sustancia de un \u201cdealer\u201d de Confianza.<\/li>\n<li>El 13% con un \u201cdealer\u201d Desconocido y un 17% a trav\u00e9s de una persona cercana.<\/li>\n<li>El 67% de los usuarios reciben la SPA a domicilio.<\/li>\n<li>El 33% restante la adquiri\u00f3 en la calle, punto de encuentro con el \u201cdealer\u201d o en el evento.<\/li>\n<\/ul>\n<p>&nbsp;<\/p>\n<h5><strong>\u00bfQu\u00e9 analizamos?<\/strong><\/h5>\n<p><a href=\"http:\/\/www.corporacion-ats.com\/2014echele\/wp-content\/uploads\/2015\/04\/11009852_744388792325588_8397978435966469239_n.jpg\" target=\"_blank\" rel=\"noopener\"><img loading=\"lazy\" decoding=\"async\" class=\"aligncenter size-full wp-image-1660\" src=\"http:\/\/www.corporacion-ats.com\/2014echele\/wp-content\/uploads\/2015\/04\/11009852_744388792325588_8397978435966469239_n.jpg\" alt=\"11009852_744388792325588_8397978435966469239_n\" width=\"842\" height=\"640\" title=\"\"><\/a><\/p>\n<p style=\"text-align: justify;\">Ya entrando en el detalle de la din\u00e1mica de esta intervenci\u00f3n, es indispensable indicar que en este festival se superaron la cantidad de muestras y de usuarios que llevaron sus muestras recibidos por el SAS:<\/p>\n<ul style=\"text-align: justify;\">\n<li>129 usuarios que utilizaron el SAS<\/li>\n<li>145 muestras analizadas.<\/li>\n<li>En Rock al Parque 2014 se analizaron 40 muestras.<\/li>\n<\/ul>\n<p style=\"text-align: justify;\">El 65% de los usuarios que utilizaron el SAS fueron hombres y el 35% mujeres, en un rango de edad entre los 17 y 43 a\u00f1os. Es interesante el hecho que la mayor\u00eda de los usuarios que utilizaron el SAS se enteraron del mismo durante el evento (38%), lo que indicar\u00eda que las personas no lo piensan mucho para decidir analizar (por primera vez) lo que van a consumir, y que una mayor utilizaci\u00f3n del SAS puede reducirse a asunto de difusi\u00f3n y comunicaci\u00f3n entre los usuarios.<\/p>\n<p style=\"text-align: justify;\">Otras formas de difusi\u00f3n fueron a trav\u00e9s de una persona cercana o \u201cvoz a voz\u201d (33%) y las redes sociales (29%). El 22% de los usuarios ya hab\u00edan utilizado el SAS con anterioridad.<\/p>\n<p style=\"text-align: justify;\">Un 12% de usuarios se acercaron por primera vez al SAS siendo tambi\u00e9n la primera vez que iban a consumir la sustancia que dejaban para analizar. Esto resulta interesante, porque ser\u00e1n usuarios que estar\u00e1n m\u00e1s informados desde el principio y podr\u00e1n asociar el an\u00e1lisis de lo que van a consumir como una pr\u00e1ctica habitual. El 68% de los usuarios analizaron su sustancia antes de consumir parte de la misma.<\/p>\n<p style=\"text-align: justify;\">Esto resulta importante, dado que es as\u00ed la din\u00e1mica id\u00f3nea, especialmente en caso de detectarse una sustancia especialmente peligrosa como adulterante o como una suplantaci\u00f3n de la sustancia buscada por el usuario.<\/p>\n<p style=\"text-align: justify;\">Tambi\u00e9n se hizo evidente el policonsumo en los usuarios que utilizaron el SAS. S\u00f3lo el 5% de dichos usuarios refirieron no consumir otra SPA distinta a la que llevaron a analizar. Las sustancias (adicional a la que analizaron) que m\u00e1s refieren consumir los usuarios fueron Alcohol, marihuana, MDMA, LSD y Coca\u00edna. S\u00f3lo un 8% refirieron sustancias distintas tales como 2-CB, salvia, Popper u hongos.<strong>\u00a0<\/strong><\/p>\n<p><a href=\"http:\/\/www.corporacion-ats.com\/2014echele\/wp-content\/uploads\/2015\/04\/Sin-t\u00edtulo.jpg\" target=\"_blank\" rel=\"noopener\"><img loading=\"lazy\" decoding=\"async\" class=\"aligncenter size-full wp-image-1680\" src=\"http:\/\/www.corporacion-ats.com\/2014echele\/wp-content\/uploads\/2015\/04\/Sin-t\u00edtulo.jpg\" alt=\"Sin t\u00edtulo\" width=\"504\" height=\"303\" title=\"\"><\/a><\/p>\n<p style=\"text-align: justify;\">Fueron 145 muestras las analizadas, relacionadas a presuntas muestras de MDMA, LSD, Coca\u00edna y 2-CB. El 67% de las muestras analizadas eran de presunto MDMA (79% en comprimidos y 21% en Cristal). 19% presunto LSD. 13% presunta Coca\u00edna y 1% presunto 2-CB.<\/p>\n<p style=\"text-align: justify;\">MDMA: El 27% de las muestras dieron negativo para MDMA en los ensayos preliminares. 5 muestras de estas confirmaron ausencia de MDMA a trav\u00e9s de TLC (EX13, MD27, MD30, EX45 y MD84) y en 4 de ellas se presume una mezcla entre anfetamina y cafe\u00edna (MD27, MD30, EX45 y MD84). Para Cristal se refieren precios entre $60.000 y $120.000 el gramo. Para comprimidos los precios est\u00e1n entre $10.000 y $25.000 la unidad.<\/p>\n<p><a href=\"http:\/\/www.corporacion-ats.com\/2014echele\/wp-content\/uploads\/2015\/04\/Sin-t\u00edtulo1.jpg\" target=\"_blank\" rel=\"noopener\"><img loading=\"lazy\" decoding=\"async\" class=\"aligncenter size-full wp-image-1681\" src=\"http:\/\/www.corporacion-ats.com\/2014echele\/wp-content\/uploads\/2015\/04\/Sin-t\u00edtulo1.jpg\" alt=\"Sin t\u00edtulo\" width=\"487\" height=\"293\" title=\"\"><\/a><\/p>\n<p style=\"text-align: justify;\">LSD: Todas las muestras estaban en forma de secante. La referencia m\u00e1s com\u00fan era \u201cHoffman\u201d aunque esta no ten\u00eda en muchos casos relaci\u00f3n con el dise\u00f1o del secante.<\/p>\n<p style=\"text-align: justify;\">Otras referencias fueron \u201cGandhi\u201d, \u201cSuperamigos\u201d, \u201cAlicia\u201d y \u201cJard\u00edn de la alegr\u00eda\u201d. El 45% de las muestras analizadas no fluorescieron bajo el UV, lo que indicar\u00eda la presencia de otras sustancias distintas al LSD. No es posible indicar cual sustancia estar\u00eda suplantando al LSD en dichas muestras, pero se presume 25I-NBOMe de acuerdo a los resultados arrojados para an\u00e1lisis anteriores. Precios desde $4.000 hasta $30.000 la unidad (secante).<\/p>\n<p><a href=\"http:\/\/www.corporacion-ats.com\/2014echele\/wp-content\/uploads\/2015\/04\/Sin-t\u00edtulo2.jpg\" target=\"_blank\" rel=\"noopener\"><img loading=\"lazy\" decoding=\"async\" class=\"aligncenter size-full wp-image-1682\" src=\"http:\/\/www.corporacion-ats.com\/2014echele\/wp-content\/uploads\/2015\/04\/Sin-t\u00edtulo2.jpg\" alt=\"Sin t\u00edtulo\" width=\"486\" height=\"292\" title=\"\"><\/a><\/p>\n<p style=\"text-align: justify;\">COCA\u00cdNA: Todas las muestras dieron positivo para clorhidrato de coca\u00edna. El 16% se encontraban en un rango del 0 \u2013 25% de contenido de clorhidrato de coca\u00edna. El 53% se encontraron en un rango del 25 \u2013 50% y el 31% entre el 50 \u2013 75%. El 79% de las muestras dieron indicios de contener alg\u00fan anest\u00e9sico local como adulterante. Precios desde $10.000 hasta $30.000 el gramo.<\/p>\n<p><a href=\"http:\/\/www.corporacion-ats.com\/2014echele\/wp-content\/uploads\/2015\/04\/Sin-t\u00edtulo3.jpg\" target=\"_blank\" rel=\"noopener\"><img loading=\"lazy\" decoding=\"async\" class=\"aligncenter size-full wp-image-1683\" src=\"http:\/\/www.corporacion-ats.com\/2014echele\/wp-content\/uploads\/2015\/04\/Sin-t\u00edtulo3.jpg\" alt=\"Sin t\u00edtulo\" width=\"509\" height=\"306\" title=\"\"><\/a><\/p>\n<p style=\"text-align: justify;\">2-CB: la \u00fanica muestra de 2-CB analizada dio positivo para los preliminares colorim\u00e9tricos pero no concord\u00f3 con el patr\u00f3n de 2-CB en TLC y se presume de este ensayo adulteraci\u00f3n con anfetamina y cafe\u00edna. No es posible asegurar la presencia de 2-CB en la muestra. El precio declarado por el usuario fue de $100.000 el gramo.<\/p>\n<p>Hasta aqu\u00ed este informe, esperamos poder realizar m\u00e1s intervenciones durante este a\u00f1o y seguir informando a los consumidores sobre lo que est\u00e1 circulando en las calles y la rumba para que tengan mayor precauci\u00f3n al momento de consumir.<\/p>\n<p>Si usted es uno de los que analiz\u00f3 o quiere ver la tabla completa de los an\u00e1lisis de clic aqu\u00ed.<\/p>\n<p>A continuaci\u00f3n una tabla en donde se reportan los c\u00f3digos de las muestras relacionadas:<\/p>\n<p><a href=\"https:\/\/www.echelecabeza.com\/reporte-de-codigos-de-las-muestras-seleccionadadas\/\">Clic para ver\u00a0\u00a0tabla.<\/a><\/p>\n<\/div>\n<\/div>\n<\/section>\n","protected":false},"excerpt":{"rendered":"<p>Por: Vannesa Morris. Coordinadora \u00c9chele Cabeza cuando se d\u00e9 en la cabeza Juli\u00e1n Quintero. Director Acci\u00f3n T\u00e9cnica Social Juli\u00e1n Molina. [&hellip;]<\/p>\n","protected":false},"author":3,"featured_media":1679,"comment_status":"open","ping_status":"open","sticky":false,"template":"","format":"standard","meta":{"site-sidebar-layout":"default","site-content-layout":"","ast-site-content-layout":"default","site-content-style":"default","site-sidebar-style":"default","ast-global-header-display":"","ast-banner-title-visibility":"","ast-main-header-display":"","ast-hfb-above-header-display":"","ast-hfb-below-header-display":"","ast-hfb-mobile-header-display":"","site-post-title":"","ast-breadcrumbs-content":"","ast-featured-img":"","footer-sml-layout":"","theme-transparent-header-meta":"","adv-header-id-meta":"","stick-header-meta":"","header-above-stick-meta":"","header-main-stick-meta":"","header-below-stick-meta":"","astra-migrate-meta-layouts":"default","ast-page-background-enabled":"default","ast-page-background-meta":{"desktop":{"background-color":"var(--ast-global-color-4)","background-image":"","background-repeat":"repeat","background-position":"center center","background-size":"auto","background-attachment":"scroll","background-type":"","background-media":"","overlay-type":"","overlay-color":"","overlay-opacity":"","overlay-gradient":""},"tablet":{"background-color":"","background-image":"","background-repeat":"repeat","background-position":"center center","background-size":"auto","background-attachment":"scroll","background-type":"","background-media":"","overlay-type":"","overlay-color":"","overlay-opacity":"","overlay-gradient":""},"mobile":{"background-color":"","background-image":"","background-repeat":"repeat","background-position":"center center","background-size":"auto","background-attachment":"scroll","background-type":"","background-media":"","overlay-type":"","overlay-color":"","overlay-opacity":"","overlay-gradient":""}},"ast-content-background-meta":{"desktop":{"background-color":"var(--ast-global-color-5)","background-image":"","background-repeat":"repeat","background-position":"center center","background-size":"auto","background-attachment":"scroll","background-type":"","background-media":"","overlay-type":"","overlay-color":"","overlay-opacity":"","overlay-gradient":""},"tablet":{"background-color":"var(--ast-global-color-5)","background-image":"","background-repeat":"repeat","background-position":"center center","background-size":"auto","background-attachment":"scroll","background-type":"","background-media":"","overlay-type":"","overlay-color":"","overlay-opacity":"","overlay-gradient":""},"mobile":{"background-color":"var(--ast-global-color-5)","background-image":"","background-repeat":"repeat","background-position":"center center","background-size":"auto","background-attachment":"scroll","background-type":"","background-media":"","overlay-type":"","overlay-color":"","overlay-opacity":"","overlay-gradient":""}},"footnotes":""},"categories":[1],"tags":[],"class_list":["post-1490","post","type-post","status-publish","format-standard","has-post-thumbnail","hentry","category-publicaciones"],"_links":{"self":[{"href":"https:\/\/www.echelecabeza.com\/wp-json\/wp\/v2\/posts\/1490","targetHints":{"allow":["GET"]}}],"collection":[{"href":"https:\/\/www.echelecabeza.com\/wp-json\/wp\/v2\/posts"}],"about":[{"href":"https:\/\/www.echelecabeza.com\/wp-json\/wp\/v2\/types\/post"}],"author":[{"embeddable":true,"href":"https:\/\/www.echelecabeza.com\/wp-json\/wp\/v2\/users\/3"}],"replies":[{"embeddable":true,"href":"https:\/\/www.echelecabeza.com\/wp-json\/wp\/v2\/comments?post=1490"}],"version-history":[{"count":0,"href":"https:\/\/www.echelecabeza.com\/wp-json\/wp\/v2\/posts\/1490\/revisions"}],"wp:featuredmedia":[{"embeddable":true,"href":"https:\/\/www.echelecabeza.com\/wp-json\/wp\/v2\/media\/1679"}],"wp:attachment":[{"href":"https:\/\/www.echelecabeza.com\/wp-json\/wp\/v2\/media?parent=1490"}],"wp:term":[{"taxonomy":"category","embeddable":true,"href":"https:\/\/www.echelecabeza.com\/wp-json\/wp\/v2\/categories?post=1490"},{"taxonomy":"post_tag","embeddable":true,"href":"https:\/\/www.echelecabeza.com\/wp-json\/wp\/v2\/tags?post=1490"}],"curies":[{"name":"wp","href":"https:\/\/api.w.org\/{rel}","templated":true}]}}