{"id":1915,"date":"2015-08-20T00:58:21","date_gmt":"2015-08-20T00:58:21","guid":{"rendered":"https:\/\/www.echelecabeza.com\/?p=1915"},"modified":"2015-08-20T00:58:21","modified_gmt":"2015-08-20T00:58:21","slug":"programacion-festival-de-cortos-psicoactivos","status":"publish","type":"post","link":"https:\/\/www.echelecabeza.com\/programacion-festival-de-cortos-psicoactivos\/","title":{"rendered":"PROGRAMACI\u00d3N FESTIVAL DE CORTOS PSICOACTIVOS"},"content":{"rendered":"<section class=\"pix_divider\" style=\"background-image: url('http:\/\/www.corporacion-ats.com\/2014echele\/wp-content\/uploads\/2015\/07\/PORTADA-Festival-de-cortos-psicoactivos.jpg');\">\n<div class=\"pix_column pix_column_990\"><\/div>\n<\/section>\n<section class=\"pix_divider\" style=\"background-image: url('http:\/\/www.corporacion-ats.com\/2014echele\/wp-content\/uploads\/2015\/05\/sssss.jpg');\">\n<div class=\"pix_column pix_column_990\">\n<div class=\"pix_column pix_column_990 alignleft\" data-class=\"pix_column alignleftundefined pix_column_990\" data-full=\"true\">\n<section class=\"pix_divider\" style=\"background-image: url('http:\/\/www.corporacion-ats.com\/2014echele\/wp-content\/uploads\/2015\/07\/PORTADA-Festival-de-cortos-psicoactivos.jpg');\">\n<div class=\"pix_column pix_column_990\"><\/div>\n<\/section>\n<section class=\"pix_divider\" style=\"background-image: url('http:\/\/www.corporacion-ats.com\/2014echele\/wp-content\/uploads\/2015\/05\/sssss.jpg');\">\n<div class=\"pix_column pix_column_990\">\n<div class=\"pix_column pix_column_990 alignleft\" data-class=\"pix_column alignleftundefined pix_column_990\" data-full=\"true\">\n<h4 style=\"text-align: center;\"><b>FESTIVAL DE CORTOS PSICOACTIVOS\u00a0<\/b><b>\u00c9CHELE CABEZA<br \/>\n<\/b><b>Teatro Esmeralda Pussycat<br \/>\n<\/b><b>Bogot\u00e1, Colombia<br \/>\n<\/b><b>Entrada libre<br \/>\n<\/b><b>Programaci\u00f3n<br \/>\n<\/b><b>26 al 29 de agosto 2015<\/b><\/h4>\n<p>&nbsp;<\/p>\n<table style=\"color: #ffffff; text-align: center;\" border=\"1\" width=\"100%\" cellspacing=\"0\" cellpadding=\"0\" bgcolor=\"#000\">\n<tbody>\n<tr>\n<td colspan=\"2\" valign=\"center\" width=\"300\">\n<h4 align=\"center\"><span style=\"color: #ce1e76;\"><strong>26 DE AGOSTO<\/strong><\/span><\/h4>\n<p>&nbsp;<\/td>\n<\/tr>\n<tr>\n<td valign=\"top\" width=\"100\">\n<h6 align=\"center\"><span style=\"color: #00ff00;\">Horario<\/span><\/h6>\n<\/td>\n<td valign=\"top\" width=\"306\">\n<p align=\"center\"><strong><em>\u00a0<\/em><\/strong><\/p>\n<\/td>\n<\/tr>\n<tr>\n<td valign=\"center\" width=\"100\">\n<p align=\"center\"><strong><span style=\"color: #00ff00;\">2:00 pm \u2013 4:00 pm<\/span><\/strong><\/p>\n<\/td>\n<td valign=\"center\" width=\"306\"><strong><em>\u00a0<\/em><\/strong><strong><em> Selecci\u00f3n oficial cortometrajes fuera de competencia<\/em><\/strong><\/p>\n<p><strong>Del cartucho al tercer milenio<br \/>\n<\/strong>DIRECTOR: Carolina Mu\u00f1oz<br \/>\nA\u00d1O: 2007<br \/>\nPA\u00cdS: Colombia<br \/>\nDURACI\u00d3N: 12\u00b4 06\u00b4\u00b4<\/p>\n<p><strong>Music and the Psychedelic Mind<br \/>\n<\/strong>DIRECTOR: Cousins<br \/>\nA\u00d1O: 2012<br \/>\nPA\u00cdS: EE.UU.<br \/>\nDURACI\u00d3N: 20\u00b4 15\u00b4\u00b4.<\/p>\n<p><strong>Whateverest<br \/>\n<\/strong>DIRECTOR: Kristoffer Borgli<br \/>\nA\u00d1O: 2012<br \/>\nPA\u00cdS: Dinamarca, Noruega<br \/>\nDURACI\u00d3N: 15\u00b4 52\u00b4\u00b4.<br \/>\n<strong>Frank DanCoolo: Paranormal Drug Dealer<br \/>\n<\/strong>DIRECTOR: Andrew W. Jones<br \/>\nA\u00d1O: 2010<br \/>\nPA\u00cdS: EE.UU.<br \/>\nDURACI\u00d3N: 7\u00b4 46\u00b4\u00b4<strong>\u00a0<\/strong><\/p>\n<p><strong>Endtrip<br \/>\n<\/strong>DIRECTOR: Koen de Mol, Olivier Ballast, Rick Franssen<br \/>\nA\u00d1O: 2013<br \/>\nPA\u00cdS: Pa\u00edses Bajos<br \/>\nDURACI\u00d3N: 5\u00b4 10\u00b4\u00b4<\/p>\n<p><strong>Dock Ellis &amp; The LSD No-No<br \/>\n<\/strong>DIRECTOR: James Blagden<br \/>\nA\u00d1O: 2009<br \/>\nPA\u00cdS: EE.UU<br \/>\nDURACI\u00d3N: 4\u00b4 32\u00b4\u00b4<\/p>\n<p><strong>Ecstasy<br \/>\n<\/strong>DIRECTOR: Sandro<br \/>\nA\u00d1O: 2013<br \/>\nPA\u00cdS: EE.UU.<br \/>\nDURACI\u00d3N: 1\u00b4 41\u00b4\u00b4<\/p>\n<p><strong>Viaje a la Tierra<br \/>\n<\/strong>DIRECTOR: Diego Rolle<br \/>\nA\u00d1O: 2010<br \/>\nPA\u00cdS: Argentina<br \/>\nDURACI\u00d3N: 5\u00b4 48\u00b4\u00b4<\/p>\n<p><strong>Catnip: egress to oblivion?<br \/>\n<\/strong>DIRECTOR: Jason Willis<br \/>\nA\u00d1O: 2012<br \/>\nPA\u00cdS: EE.UU<br \/>\nDURACI\u00d3N: 6\u00b4 57\u00b4\u00b4<\/p>\n<h1><\/h1>\n<p><strong>A Man Who Delivers<br \/>\n<\/strong>DIRECTOR: Jamie Jessett<br \/>\nA\u00d1O: 2012<br \/>\nPA\u00cdS: Reino Unido<br \/>\nDURACI\u00d3N: 6\u00b4 34\u00b4\u00b4<\/p>\n<p><strong>Blotter: A Film Noir on Acid<br \/>\n<\/strong>DIRECTOR: Karl Weimar<br \/>\nA\u00d1O: 2013<br \/>\nPA\u00cdS: EE.UU.<br \/>\nDURACI\u00d3N: 23\u00b4 56\u00b4\u00b4<\/td>\n<\/tr>\n<tr>\n<td valign=\"center\" width=\"100\">\n<p align=\"center\"><strong><span style=\"color: #00ff00;\">4:00 pm \u2013 6:00 pm<\/span><\/strong><\/p>\n<\/td>\n<td valign=\"center\" width=\"306\"><strong><em>\u00a0<\/em><\/strong><strong><em>Retrospectiva psicotr\u00f3pica de una Colombia prevenida<\/em><\/strong><\/p>\n<ul>\n<li><strong>ALCOHOLOMBIA. Dir. Heriberto Garc\u00eda Vera. 1976. 13 min.<\/strong><\/li>\n<li><strong>RODILLANEGRA. Dir. Carlos Mayolo. 1976. 15 min.<\/strong><\/li>\n<li><strong>UN VIAJE. Dir. H\u00e9ctor Acebes. 1978. 13 min.<\/strong><\/li>\n<li><strong>VIVIR O MORIR. Dir. Pascual Guerrero. 1982. 10 min.<\/strong><\/li>\n<li><strong>ALCOHOLISMO. Dir. Jorge S\u00e1enz Calero. 1986. 9 min.<\/strong><\/li>\n<li><strong>PAR\u00cdS ES LINDO. Dir. Francisco Norden. 1987. 25 min.<\/strong><\/li>\n<li><strong>FARMACODEPENDENCIA I DEPRESORES. Dir. H\u00e9ctor Quintana. 1984.<\/strong><strong> 8 min.<\/strong><\/li>\n<li><strong>FARMACODEPENDENCIA II ESTIMULANTES. Dir. H\u00e9ctor Quintana. 1984.<\/strong><strong> 12 min.<\/strong><\/li>\n<li><strong>FARMACODEPENDENCIA III ALUCIN\u00d3GENOS. Dir. H\u00e9ctor Quintana. 1984.<\/strong><strong> 12 min.<\/strong><\/li>\n<\/ul>\n<\/td>\n<\/tr>\n<tr>\n<td valign=\"center\" width=\"100\">\n<p align=\"center\"><span style=\"color: #00ff00;\"><strong>6:00 pm \u2013 7:00 pm<\/strong><\/span><\/p>\n<\/td>\n<td valign=\"center\" width=\"306\">\n<p align=\"center\"><strong><em>\u00a0<\/em><\/strong><strong><em>Muestra de trabajos en reducci\u00f3n de da\u00f1os<\/em><\/strong><\/p>\n<p><strong>La L\u00ednea 1 y 2<br \/>\n<\/strong>DIRECTOR: H\u00e9ctor Guti\u00e9rrez<br \/>\nA\u00d1O: 2009<br \/>\nPA\u00cdS: Colombia<br \/>\nDURACI\u00d3N: 45\u00b4<\/td>\n<\/tr>\n<tr>\n<td valign=\"top\" width=\"100\">\n<p align=\"center\"><strong><span style=\"color: #00ff00;\">7:00 pm \u2013 8:00 pm<\/span><\/strong><\/p>\n<\/td>\n<td valign=\"center\" width=\"306\"><strong><em>\u00a0<\/em><\/strong><strong><em>Panel de discusi\u00f3n: El audiovisual como estrategia de reducci\u00f3n de da\u00f1os<\/em><\/strong><\/p>\n<p>Juli\u00e1n Quintero, Wilmer Rojas, H\u00e9ctor Suricata y Vannesa Morris<\/td>\n<\/tr>\n<tr>\n<td valign=\"center\" width=\"100\">\n<p align=\"center\"><span style=\"color: #00ff00;\"><strong>8:00 pm \u2013 9:00 pm<\/strong><\/span><\/p>\n<\/td>\n<td valign=\"center\" width=\"306\"><strong><em>Selecci\u00f3n oficial cortometrajes en competencia<\/em><\/strong><\/p>\n<p><strong>Um Cigarro &#8211; Ficci\u00f3n<br \/>\n<\/strong>Realizaci\u00f3n: Sergio Navas<br \/>\nPa\u00eds: Colombia<br \/>\nA\u00f1o: 2015 \/ 6\u00b443\u00b4\u00b4<strong>\u00a0<\/strong><\/p>\n<p><strong>Los Simios Destinados &#8211; Ficci\u00f3n<br \/>\n<\/strong>Realizaci\u00f3n: Casa Subterr\u00e1nea<br \/>\nPa\u00eds: Colombia<br \/>\nA\u00f1o: 2015 \/ 7\u00b450\u00b4\u00b4<\/p>\n<p><strong>Anclado \u2013 Ficci\u00f3n<br \/>\n<\/strong>Realizaci\u00f3n: Mauricio C\u00e1rdenas<br \/>\nPa\u00eds: Colombia<br \/>\nA\u00f1o: 2015 \/ 3\u00b4<strong>\u00a0<\/strong><\/p>\n<p><strong>El Canal \u2013 Ficci\u00f3n<br \/>\n<\/strong>Realizaci\u00f3n: Juan Diego Aguirre<br \/>\nPa\u00eds: Colombia<br \/>\nA\u00f1o: 2014 \/ 12\u00b418\u00b4\u00b4<\/p>\n<p><strong>Peric\u00f3mano \u2013 Videoclip<br \/>\n<\/strong>Realizaci\u00f3n: Colectivo Su Versi\u00f3n<br \/>\nPa\u00eds: Colombia<br \/>\nA\u00f1o: 2015 \/ 1\u00b444\u00b4\u00b4<\/p>\n<p><strong>Mal Viaje \u2013 Animaci\u00f3n<br \/>\n<\/strong>Realizaci\u00f3n: Iv\u00e1n Garz\u00f3n<br \/>\nPa\u00eds: Colombia<br \/>\nA\u00f1o: 2014 \/ 2\u00b4<strong>\u00a0<\/strong><\/p>\n<p><strong>Gimme Danger \u2013 Ficci\u00f3n<br \/>\n<\/strong>Realizaci\u00f3n: Aikuna G\u00f3mez<br \/>\nPa\u00eds: Colombia<br \/>\nA\u00f1o: 2015 \/ 15\u00b428\u00b4\u00b4<strong>\u00a0<\/strong><\/p>\n<p><strong>Drogot\u00e1 \u2013 Documental<br \/>\n<\/strong>Realizaci\u00f3n: Pedro Mendoza<br \/>\nPa\u00eds: Colombia<br \/>\nA\u00f1o: 2014 \/ 9\u00b440\u00b4\u00b4<strong>\u00a0<\/strong><\/p>\n<p><strong>Estamos Fritos \u2013 Animaci\u00f3n<br \/>\n<\/strong>Realizaci\u00f3n: Tom\u00e1s Silva<br \/>\nPa\u00eds: Colombia<br \/>\nA\u00f1o: 2015 \/ 3\u00b4<\/td>\n<\/tr>\n<tr>\n<td valign=\"center\" width=\"100\">\n<p align=\"center\"><strong><span style=\"color: #00ff00;\">9:00 pm \u2013 10:30 pm<\/span><\/strong><\/p>\n<\/td>\n<td valign=\"center\" width=\"306\"><strong><em>\u00a0Funci\u00f3n especial<\/em><\/strong><\/p>\n<p style=\"text-align: left; margin-left: 5px;\">MORIR DE D\u00cdA. Dir. Laia Manresa y Sergi Dies. Espa\u00f1a. 97&#8242; 27&#8221; min.<br \/>\nDocumental que escribe la historia desde la Transici\u00f3n hasta nuestros d\u00edas a trav\u00e9s de una de sus caras ocultas: la hero\u00edna. Distintos personajes se van entrelazando para dibujar, a trav\u00e9s de sus propias im\u00e1genes de archivo personal y sus palabras m\u00e1s \u00edntimas, los desaf\u00edos de una vida escogida, marcada por la adicci\u00f3n. Mirarla de frente, como aquel que reconoce la muerte cuando viene de d\u00eda, nos permite entender que nuestra relaci\u00f3n con el mundo, aqu\u00ed y ahora, est\u00e1 hecha tambi\u00e9n de las huellas de<br \/>\naquellos que\u00a0nos precedieron.<\/p>\n<\/td>\n<\/tr>\n<tr>\n<td colspan=\"2\" valign=\"center\" width=\"453\">\n<h4 align=\"center\"><span style=\"color: #ce1e76;\"><strong>27 DE AGOSTO<\/strong><\/span><\/h4>\n<p>&nbsp;<\/td>\n<\/tr>\n<tr>\n<td valign=\"center\" width=\"100\">\n<p align=\"center\"><strong><span style=\"color: #00ff00;\">2:00 pm \u2013 3:00 pm<\/span><\/strong><\/p>\n<\/td>\n<td valign=\"center\" width=\"306\"><strong><em>\u00a0<\/em><\/strong><strong><em>Panel de discusi\u00f3n: La propaganda de las drogas<\/em><\/strong><\/p>\n<p>Con la participaci\u00f3n \u00c1ngel Beccassino y Guillermo Solarte<\/td>\n<\/tr>\n<tr>\n<td valign=\"center\" width=\"100\">\n<p align=\"center\"><strong><span style=\"color: #00ff00;\">3:00 pm \u2013 4:00 pm<\/span><\/strong><\/p>\n<\/td>\n<td valign=\"center\" width=\"306\"><strong><em> <em>Campa\u00f1as antidrogas<\/em> <\/em><\/strong><\/td>\n<\/tr>\n<tr>\n<td valign=\"center\" width=\"147\">\n<p align=\"center\"><span style=\"color: #00ff00;\"><strong>4:00 pm \u2013 5:00 pm<\/strong><\/span><\/p>\n<\/td>\n<td valign=\"center\" width=\"306\"><strong><em>Muestra de trabajos en Reducci\u00f3n de Da\u00f1os<\/em>\u00a0<\/strong><\/p>\n<p><strong>Beyond heteronormativity<\/strong>.Realizaci\u00f3n: Christophe Sion. 2013. 34&#8217;44&#8221;<\/p>\n<p><strong>Ai laket!! Video promocional. <\/strong>Realizaci\u00f3n: Elba Berganza. 2014. 1&#8242; 16&#8221;<\/p>\n<p><strong>Ai Laket!!<\/strong> Auzo TV. 4&#8217;15<\/p>\n<p><strong>T\u00fa si que SALES &#8211; Ai Laket!!<\/strong> Realizaci\u00f3n: Simbait. 2009. 7&#8217;17&#8221;<\/p>\n<p><strong>A light in the dark.<\/strong> Realizaci\u00f3n: Open Society Foundations. 2010. 2\u201954\u201d<\/p>\n<p><strong>\u00bfSabes lo que te metes?<\/strong> Realizaci\u00f3n: Energy Control. 2009. 4\u201909&#8243;<\/p>\n<p><strong>An\u00e1lisis de drogas<\/strong>. Realizaci\u00f3n: Energy Control. 2014. 7&#8217;28&#8221;<\/p>\n<p>&nbsp;<\/td>\n<\/tr>\n<tr>\n<td valign=\"center\" width=\"100\">\n<p align=\"center\"><strong><span style=\"color: #00ff00;\">5:00 pm \u2013\u00a06:00 pm<\/span><\/strong><\/p>\n<\/td>\n<td valign=\"center\" width=\"306\"><strong><em>Retrospectiva psicotr\u00f3pica de una Colombia prevenida <\/em><\/strong><\/p>\n<p><strong>Droga, viaje sin regreso<\/strong>.Dir: Stelvio Massi. 1987. 78&#8242;<\/td>\n<\/tr>\n<tr>\n<td valign=\"center\" width=\"147\">\n<p align=\"center\"><strong><span style=\"color: #00ff00;\">6:00 pm \u2013 9:00 pm<\/span><\/strong><\/p>\n<\/td>\n<td valign=\"center\" width=\"306\"><strong><em>\u00a0<\/em><\/strong><strong><em>Selecci\u00f3n oficial cortometrajes en competencia<\/em><\/strong><\/p>\n<p><strong>Noveno c\u00edrculo del infierno \u2013 Ficci\u00f3n<br \/>\n<\/strong>Realizaci\u00f3n: Paola Rodr\u00edguez<br \/>\nPa\u00eds: Colombia<br \/>\nA\u00f1o: 2014 \/ 4\u00b4<strong>\u00a0<\/strong><\/p>\n<p><strong>Buen Viaje \u2013 Videoclip<br \/>\n<\/strong>Realizaci\u00f3n: 18-95 PRODUCE<br \/>\nPa\u00eds: Colombia<br \/>\nA\u00f1o: 2015 \/ 4\u00b410\u00b4\u00b4<strong>\u00a0<\/strong><\/p>\n<p><strong>Placebo 24\/7 \u2013 Animaci\u00f3n<br \/>\n<\/strong>Realizaci\u00f3n: Juegos Transl\u00facidos<br \/>\nPa\u00eds: Colombia<br \/>\nA\u00f1o: 2015 \/ 13\u00b4<strong>\u00a0<\/strong><\/p>\n<p><strong>Alfonso \u2013 Documental<br \/>\n<\/strong>Realizaci\u00f3n: Pablo Correa<br \/>\nPa\u00eds: Colombia<br \/>\nA\u00f1o: 2015 \/ 3\u00b435\u00b4\u00b4<\/p>\n<p><strong>Surfin\u00b4 Chapinero \u2013 Ficci\u00f3n<br \/>\n<\/strong>Realizaci\u00f3n: Ernesto Lozano<br \/>\nPa\u00eds: Colombia<br \/>\nA\u00f1o: 2015 \/ 13\u00b425\u00b4\u00b4<\/p>\n<p><strong>Sensations \u2013 Videoclip<br \/>\n<\/strong>Realizaci\u00f3n: Esteban Pitta<br \/>\nPa\u00eds: Colombia<br \/>\nA\u00f1o: 2014 \/ 1\u00b453\u00b4\u00b4<strong>\u00a0<\/strong><\/p>\n<p><strong>Exilio de Mari \u2013 Ficci\u00f3n<br \/>\n<\/strong>Realizaci\u00f3n: Juan David Lozano<br \/>\nPa\u00eds: Colombia<br \/>\nA\u00f1o: 2015 \/ 2\u00b434\u00b4\u00b4<strong>\u00a0<\/strong><\/p>\n<p><strong>A.N.U.P.T.A.F.O.B.I.A \u2013 Ficci\u00f3n<br \/>\n<\/strong>Realizaci\u00f3n: \u00d3scar P\u00e9rez<br \/>\nPa\u00eds: Colombia<br \/>\nA\u00f1o: 2015 \/ 6\u00b428\u00b4\u00b4<\/p>\n<p><strong>Pisquero \u2013 Ficci\u00f3n<br \/>\n<\/strong>Realizaci\u00f3n: Johnnier Aristiz\u00e1bal<br \/>\nPa\u00eds: Colombia<br \/>\nA\u00f1o: 2015 \/ 19\u00b456\u00b4\u00b4<strong><br \/>\n<\/strong><\/p>\n<p><strong>Agujas \u2013 Videoclip<br \/>\n<\/strong>Realizaci\u00f3n: Diego Miranda<br \/>\nPa\u00eds: Colombia<br \/>\nA\u00f1o: 2013 \/ 3\u00b444\u00b4\u00b4<strong>\u00a0<\/strong><\/p>\n<p><strong>De cielos y musas \u2013 Animaci\u00f3n<br \/>\n<\/strong>Realizaci\u00f3n: Arte para Sanar<br \/>\nPa\u00eds: Colombia<br \/>\nA\u00f1o: 2015 \/ 5\u00b413\u00b4\u00b4<strong>\u00a0<\/strong><\/p>\n<p><strong>Spyware \u2013 Ficci\u00f3n<br \/>\n<\/strong>Realizaci\u00f3n: Alejandro Ardila<br \/>\nPa\u00eds: Colombia<br \/>\nA\u00f1o: 2015 \/ 6\u00b455\u00b4\u00b4<\/p>\n<p><strong>One, two, trip \u2013 Ficci\u00f3n<br \/>\n<\/strong>Realizaci\u00f3n: Jonathan Vargas<br \/>\nPa\u00eds: Colombia<br \/>\nA\u00f1o: 2014 \/ 13\u00b438\u00b4\u00b4<strong>\u00a0<\/strong><\/p>\n<p><strong>Locontrario T.V. \u00bfY la Marihuana Qu\u00e9? \u2013 Documental<br \/>\n<\/strong>Realizaci\u00f3n: Alterna-V\u00edas<br \/>\nPa\u00eds: Colombia<br \/>\nA\u00f1o: 2015 \/ 15\u00b406\u00b4\u00b4<\/p>\n<p><strong>Si te vi no me acuerdo \u2013 Ficci\u00f3n<br \/>\n<\/strong>Realizaci\u00f3n: Leandro Hern\u00e1ndez<br \/>\nPa\u00eds: Colombia<br \/>\nA\u00f1o: 2013 \/ 13\u00b453\u00b4\u00b4<\/p>\n<p><strong>Toque De Queda \u2013 Ficci\u00f3n<br \/>\n<\/strong>Realizaci\u00f3n: Faber Soto<br \/>\nPa\u00eds: Colombia<br \/>\nA\u00f1o: 2015 \/ 23\u00b4<strong>\u00a0<\/strong><strong>\u00a0<\/strong><\/p>\n<p><strong>Hipocres\u00eda Zoocial \u2013 Ficci\u00f3n<br \/>\n<\/strong>Realizaci\u00f3n: Psico Activo<br \/>\nPa\u00eds: Colombia<br \/>\nA\u00f1o: 2015 \/ 12\u00b409\u00b4\u00b4<\/p>\n<p><strong>Adicci\u00f3n Mortal \u2013 Ficci\u00f3n<br \/>\n<\/strong>Realizaci\u00f3n: Carlos Cepeda<br \/>\nPa\u00eds: Venezuela<br \/>\nA\u00f1o: 2013 \/ 13\u00b408\u00b4\u00b4<\/p>\n<p><strong>Medicine \u2013 Ficci\u00f3n<br \/>\n<\/strong>Realizaci\u00f3n: Jaime Aguirre<br \/>\nPa\u00eds: Colombia<br \/>\nA\u00f1o: 2015 \/ 6\u00b441\u00b4\u00b4<strong>\u00a0<\/strong><\/p>\n<p><strong>A.R.D.E \u2013 Ficci\u00f3n<br \/>\n<\/strong>Realizaci\u00f3n: Carlos Guevara<br \/>\nPa\u00eds: Colombia<br \/>\nA\u00f1o: 2015 \/ 5\u00b401\u00b4\u00b4<\/p>\n<p><strong>SECTAR \u2013 Animaci\u00f3n<br \/>\n<\/strong>Realizaci\u00f3n: Andr\u00e9s Algeciras<br \/>\nPa\u00eds: Colombia<br \/>\nA\u00f1o: 2015 \/ 3\u00b412\u00b4\u00b4<\/td>\n<\/tr>\n<tr>\n<td valign=\"center\" width=\"147\">\n<p align=\"center\"><span style=\"color: #00ff00;\"><strong>9:00 pm \u2013 10:00 pm<\/strong><\/span><\/p>\n<\/td>\n<td valign=\"center\" width=\"306\"><strong><em>\u00a0<\/em><\/strong><strong><em>Panel de discusi\u00f3n: Sexualidad y drogas en el cine<\/em><\/strong><\/p>\n<p>Con la participaci\u00f3n de Enrique Ortiga, Totoya Show,<br \/>\nAndrea Garc\u00eda y Cristian Cipriani<\/td>\n<\/tr>\n<tr>\n<td valign=\"center\" width=\"100\">\n<p align=\"center\"><strong><span style=\"color: #00ff00;\">10:00 pm \u2013 11:00 pm<\/span><\/strong><\/p>\n<\/td>\n<td valign=\"center\" width=\"306\">\n<div>\n<div>\n<div><strong><em>Cabaret Burlesque<\/em><\/strong><\/div>\n<p>Tyra Jansen Queerlesque Show<br \/>\nUna obra-performance de Manu Mojito<br \/>\nCon la actuaci\u00f3n principal de Tyra Jansen<\/p>\n<\/div>\n<\/div>\n<\/td>\n<\/tr>\n<tr>\n<td valign=\"center\" width=\"100\">\n<p align=\"center\"><span style=\"color: #00ff00;\"><strong>11:00 pm \u2013 1:00 am<\/strong><\/span><\/p>\n<\/td>\n<td valign=\"center\" width=\"306\"><strong><em>\u00a0<\/em><\/strong><strong><em>Funci\u00f3n doble de medianoche<\/em><\/strong><\/p>\n<p style=\"text-align: left; margin-left: 5px;\">ALICE IN ACIDLAND. Dir. John Donne. 1969. Estados Unidos. 54&#8242; min.<br \/>\nNarra las peripecias psicod\u00e9licas de una inocente joven de 15 a\u00f1os quien, seducida por su amiga Kathy, asiste a una fiesta en la piscina en casa de su profesora de franc\u00e9s Freida. Deseosa de probarse a s\u00ed misma y al resto del grupo, inicia de esta manera la traves\u00eda de Alice por un nuevo mundo lleno de marihuana, LSD, org\u00edas y experiencias l\u00e9sbicas que nunca imagin\u00f3 tener.<\/p>\n<p style=\"text-align: left; margin-left: 5px;\">SMOKE AND FLESH. Dir. Joe Mangine. 1968. Estados Unidos. 68&#8242; min.<br \/>\nTurk arroja una fiesta salvaje de drogas y sexo como experimento de investigaci\u00f3n para su nuevo libro. Todo fluye hasta que tres de sus amiguchos se cuelan en casa y alteran las bebidas con LSD, intensificando el rumbo de la noche por ex\u00f3ticas y desaforadas alucinaciones.<\/p>\n<\/td>\n<\/tr>\n<tr>\n<td colspan=\"2\" valign=\"top\" width=\"453\">\n<h4 align=\"center\"><span style=\"color: #ce1e76;\"><strong>28 DE AGOSTO<\/strong><\/span><\/h4>\n<p>&nbsp;<\/td>\n<\/tr>\n<tr>\n<td valign=\"center\" width=\"100\">\n<p align=\"center\"><span style=\"color: #00ff00;\"><strong>2:00 pm \u2013 3:30 pm<\/strong><\/span><\/p>\n<\/td>\n<td valign=\"center\" width=\"306\"><strong><em>\u00a0<\/em><\/strong><strong><em>Muestra de trabajos en reducci\u00f3n de da\u00f1os<\/em><\/strong><\/p>\n<p><strong>Insite &#8211; Not Just Injecting, But Connecting<\/strong>. Realizaci\u00f3n: HCLU. 2012. 27&#8242; 13&#8221;<\/p>\n<p><strong>C\u00e1rcel de mujeres Cochabamba<\/strong>. Realizaci\u00f3n: Puente Investigaci\u00f3n y Enlace. 2014. 7&#8217;19&#8221;<\/p>\n<p><em><strong>Lugo y la pol\u00edtica de drogas<\/strong>. Realizaci\u00f3n: Espolea. 2014. 3&#8217;38&#8221;<\/em><em>\u00a0<\/em><\/p>\n<p><em><strong>Lugo y la pol\u00edtica de drogas parte 2<\/strong>. Realizaci\u00f3n: Espolea. 2014. 3&#8217;49&#8221;<\/em><\/p>\n<p><em>\u00a0<\/em><em><strong>El \u00c1ngel de la droga (La raya Ying-Yang \/ El Bombazo)<\/strong>. Realizaci\u00f3n: Energy Control. 2009. 9&#8242; <\/em><\/p>\n<p><strong>The war on Drugo<\/strong>. Realizaci\u00f3n: Global Commission on Drug Policy. 2014. 3&#8217;21&#8221;<\/p>\n<p><strong>The Flower<\/strong>. Dir. Haik Hoisington. 2010. 3&#8217;34&#8221;<\/p>\n<p><strong>Pol\u00edtica internacional de drogas: Reportaje Animado<\/strong>. Realizaci\u00f3n: Open Society Foundations. 2009. 7&#8217;33&#8221;<\/td>\n<\/tr>\n<tr>\n<td valign=\"center\" width=\"100\">\n<p align=\"center\"><strong><span style=\"color: #00ff00;\">3:30 pm \u2013 5:30 pm<\/span><\/strong><\/p>\n<\/td>\n<td valign=\"center\" width=\"306\"><strong><em>\u00a0<\/em><\/strong><strong><em>Selecci\u00f3n oficial cortometrajes en competencia<\/em><\/strong><\/p>\n<p><strong>Moon \u2013 Videoclip<br \/>\n<\/strong>Realizaci\u00f3n: Cristian Arias<br \/>\nPa\u00eds: Colombia<br \/>\nA\u00f1o: 2014 \/ 15\u00b4<strong>\u00a0<\/strong><\/p>\n<p><strong>Di\u00e1fano \u2013 Ficci\u00f3n<br \/>\n<\/strong>Realizaci\u00f3n: Marco Paredes<br \/>\nPa\u00eds: Colombia<br \/>\nA\u00f1o: 2014 \/ 14\u00b4 45\u00b4\u00b4<\/p>\n<p><strong>El Gran Senador \u2013 Animaci\u00f3n<br \/>\n<\/strong>Realizaci\u00f3n: Duglas Mendoza<br \/>\nPa\u00eds: Colombia<br \/>\nA\u00f1o: 2015 \/ 1\u00b433\u00b4\u00b4<strong>\u00a0<\/strong><\/p>\n<p><strong>Has Memoria Alfredo \u2013 Ficci\u00f3n<br \/>\n<\/strong>Realizaci\u00f3n: Daniel Buitrago<br \/>\nPa\u00eds: Colombia<br \/>\nA\u00f1o: 2015 \/ 6\u00b444\u00b4\u00b4<\/p>\n<p><strong>Mandarinas \u2013 Ficci\u00f3n<br \/>\n<\/strong>Realizaci\u00f3n: Frutal Films<br \/>\nPa\u00eds: Colombia<br \/>\nA\u00f1o: 2014 \/ 16\u00b4<strong>\u00a0<\/strong><\/p>\n<p><strong>El Discurso de la cosa \u2013 Documental<br \/>\n<\/strong>Realizaci\u00f3n: \u00c1lvaro Soto<br \/>\nPa\u00eds: Colombia<br \/>\nA\u00f1o: 2015 \/ 14\u00b4<strong>\u00a0<\/strong><\/p>\n<p><strong>El Cai \u2013 Ficci\u00f3n<br \/>\n<\/strong>Realizaci\u00f3n: Carlos Hern\u00e1ndez<br \/>\nPa\u00eds: Colombia<br \/>\nA\u00f1o: 2015 \/ 16\u00b4<strong>\u00a0<\/strong><\/p>\n<p><strong>Psidosis \u2013 Ficci\u00f3n<br \/>\n<\/strong>Realizaci\u00f3n: Sebasti\u00e1n Alegr\u00eda<br \/>\nPa\u00eds: Colombia<br \/>\nA\u00f1o: 2015 \/ 5\u00b4 13\u00b4\u00b4<strong>\u00a0<\/strong><\/p>\n<p><strong>Sat\u00e9lite \u2013 Ficci\u00f3n<br \/>\n<\/strong>Realizaci\u00f3n: Karen Var\u00f3n<br \/>\nPa\u00eds: Colombia<br \/>\nA\u00f1o: 2015 \/ 1\u00b4<\/p>\n<p><strong>Ur\u00f3boros \u2013 Ficci\u00f3n<br \/>\n<\/strong>Realizaci\u00f3n: Clochart producciones<br \/>\nPa\u00eds: Colombia<br \/>\nA\u00f1o: 2015 \/ 10\u00b4<\/p>\n<p><strong>Tr\u00e9bol de Amor &#8211; Ficci\u00f3n<br \/>\n<\/strong>Realizaci\u00f3n: Franklin Barrios<br \/>\nPa\u00eds: Colombia<br \/>\nA\u00f1o: 2015 \/ 12\u00b430\u00b4\u00b4<\/p>\n<p><strong>Guaro y Yag\u00e9 \u2013 Videoclip<br \/>\n<\/strong>Realizaci\u00f3n: Daniel Buitrago<br \/>\nPa\u00eds: Colombia<br \/>\nA\u00f1o: 2013 \/ 4\u00b4<strong>\u00a0<\/strong><\/p>\n<p><strong>Buenos D\u00edas \u2013 Video Clip<br \/>\n<\/strong>Realizaci\u00f3n: Alexander Cendales<br \/>\nPa\u00eds: Colombia<br \/>\nA\u00f1o: 2015 \/ 1\u00b421\u00b4\u00b4<\/p>\n<p><strong>OX\u00cd.moron<br \/>\n<\/strong>Realizaci\u00f3n: Carlos Hurtado<br \/>\nPa\u00eds: Colombia<br \/>\nA\u00f1o: 2015 \/ 2\u00b451\u00b4\u00b4<strong>\u00a0<\/strong><\/p>\n<p><strong>Sobredosis de Felicidad \u2013 Videoclip<br \/>\n<\/strong>Realizaci\u00f3n: Edwin Gonz\u00e1lez<br \/>\nPa\u00eds: Colombia<br \/>\nA\u00f1o: 2015 \/ 2\u00b440\u00b4\u00b4<\/p>\n<p><strong>En Mi \u2013 Ficci\u00f3n<br \/>\n<\/strong>Realizaci\u00f3n: El cartel audiovisual D.C<br \/>\nPa\u00eds: Colombia<br \/>\nA\u00f1o: 2015 \/ 1\u00b442\u00b4\u00b4<\/p>\n<p><strong>Pensamientos Ambivalentes \u2013 Ficci\u00f3n<br \/>\n<\/strong>Realizaci\u00f3n: Esteban Pitta<br \/>\nPa\u00eds: Colombia<br \/>\nA\u00f1o: 2015 \/ 3\u00b434\u00b4\u00b4<\/p>\n<p><strong>Un d\u00eda m\u00e1s \u2013 Ficci\u00f3n<br \/>\n<\/strong>Realizaci\u00f3n: Juan David Lozano<br \/>\nPa\u00eds: Colombia<br \/>\nA\u00f1o: 2015 \/ 6\u00b424\u00b4\u00b4<\/p>\n<p>&nbsp;<\/td>\n<\/tr>\n<tr>\n<td valign=\"center\" width=\"100\">\n<p align=\"center\"><span style=\"color: #00ff00;\"><strong>5:30 pm \u2013 7:30 pm<\/strong><\/span><\/p>\n<\/td>\n<td valign=\"center\" width=\"306\"><strong><em>\u00a0<\/em><\/strong><strong><em>Retrospectiva psicotr\u00f3pica de una Colombia prevenida<\/em><\/strong><\/p>\n<p><strong>BOGOT\u00c1 PUNK<\/strong>. <strong>Parte Uno: Los podridos ochenta<\/strong>.Dir. Ricardo Mel\u00e9ndez. 2014. 51&#8242;<\/p>\n<p>Conversatorio con Ricardo Mel\u00e9ndez<\/p>\n<p style=\"text-align: left;\">Este cap\u00edtulo corresponde a la d\u00e9cada de los a\u00f1os ochenta, d\u00e9cada en la que el punk hace su arribo a Bogot\u00e1, la capital de uno de los pa\u00edses mas convulsionados y violentos del planeta, la Rep\u00fablica de Colombia. A trav\u00e9s de material de archivo de noticias, videos musicales, trabajos universitarios, archivos personales y entrevistas a los protagonistas de la escena punk bogotana de los a\u00f1os ochenta, mostramos diferentes aspectos del punk bogotano de anta\u00f1o, en el que confluyen lugares comunes, las primeras bandas y sus conciertos, la expansi\u00f3n por la ciudad y otros aspectos sobre esos primeros a\u00f1os del punk bogotano, inmerso en un violento ambiente causado por m\u00faltiples causas como el narcotr\u00e1fico, la corrupci\u00f3n pol\u00edtica y la guerra interna que generaba un ambiente dif\u00edcil y desesperanzador.<\/p>\n<\/td>\n<\/tr>\n<tr>\n<td valign=\"center\" width=\"100\">\n<p align=\"center\"><span style=\"color: #00ff00;\"><strong>7:30 pm \u2013 8:30 pm<\/strong><\/span><\/p>\n<\/td>\n<td valign=\"center\" width=\"306\"><strong><em>\u00a0<\/em><\/strong><strong><em>Panel de discusi\u00f3n: Aproximaciones del cine colombiano a las drogas<\/em><\/strong><\/p>\n<p>Con la participaci\u00f3n de Pedro Adri\u00e1n Zuluaga,<br \/>\nJorge Aldana, Augusto Bernal y Jairo Pinilla<\/td>\n<\/tr>\n<tr>\n<td valign=\"center\" width=\"100\">\n<p align=\"center\"><span style=\"color: #00ff00;\"><strong>8:30 pm \u2013 11:00 pm<\/strong><\/span><\/p>\n<\/td>\n<td valign=\"center\" width=\"306\"><em><strong>\u00a0<\/strong><strong>Sesiones de autor<\/strong><\/em><\/p>\n<p style=\"text-align: left; margin-left: 5px;\">\u00c1REA MALDITA. Dir. Jairo Pinilla. 1980. Colombia. 90&#8242; min.<br \/>\nEn una regi\u00f3n colombiana, un grupo de mafiosos que hace parte de una red de narcotraficantes ha sembrado enormes cantidades de marihuana. Sin embargo, tendr\u00e1n que enfrentarse a una maldici\u00f3n que ha ca\u00eddo sobre la zona: una serpiente cascabel ataca atra\u00edda por el olor de la marihuana y todo aquel que encienda un \u201ccacho\u201d est\u00e1 expuesto a que la bestia le d\u00e9 un mordisco fatal.<\/p>\n<p style=\"text-align: left; margin-left: 5px;\">PEPOS. Dir. Jorge Aldana. 1983. Colombia. 56&#8242; min.<br \/>\nEsta palabra en la jerga callejera en Colombia designa a la persona que ingiere tranquilizantes o medicamentos estimulantes que generalmente generan f\u00e1rmaco dependencia. Las im\u00e1genes de esta pel\u00edcula intentan conjugar formas anecd\u00f3ticas nocturnas entre adolescentes, sus goces an\u00f3nimos y sus dificultades callejeras con ecos del rock and roll.<\/p>\n<\/td>\n<\/tr>\n<tr>\n<td colspan=\"2\" valign=\"top\" width=\"453\">\n<h4 align=\"center\"><span style=\"color: #ce1e76;\"><strong>29 DE AGOSTO<\/strong><\/span><\/h4>\n<p>&nbsp;<\/td>\n<\/tr>\n<tr>\n<td valign=\"center\" width=\"100\">\n<p align=\"center\"><span style=\"color: #00ff00;\"><strong>2:00 pm \u2013 4:00 pm<\/strong><\/span><\/p>\n<\/td>\n<td valign=\"center\" width=\"306\"><strong><em>\u00a0<\/em><\/strong><strong><em>Finalistas 1ra. Muestra de cortos psicoactivos 2014<\/em><\/strong><\/td>\n<\/tr>\n<tr>\n<td valign=\"center\" width=\"100\">\n<p align=\"center\"><strong><span style=\"color: #00ff00;\">4:00 pm \u2013 5:00 pm<\/span><\/strong><\/p>\n<\/td>\n<td valign=\"center\" width=\"306\"><strong><em>\u00a0<\/em><\/strong><strong><em>Las drogas en el aula<\/em><\/strong><\/td>\n<\/tr>\n<tr>\n<td valign=\"center\" width=\"100\">\n<p align=\"center\"><strong><span style=\"color: #00ff00;\">5:00 pm \u2013 6:00 pm<\/span><\/strong><\/p>\n<\/td>\n<td valign=\"center\" width=\"306\"><strong><em>\u00a0<\/em><\/strong><strong><em>Muestra de trabajos en reducci\u00f3n de da\u00f1os<\/em><\/strong><\/td>\n<\/tr>\n<tr>\n<td valign=\"center\" width=\"100\">\n<p align=\"center\"><span style=\"color: #00ff00;\"><strong>6:00 pm \u2013 7:00 pm<\/strong><\/span><\/p>\n<\/td>\n<td valign=\"center\" width=\"306\"><strong><em>\u00a0<\/em><\/strong><strong><em>Selecci\u00f3n oficial cortometrajes fuera de competencia<\/em><\/strong><\/td>\n<\/tr>\n<tr>\n<td valign=\"center\" width=\"100\">\n<p align=\"center\"><strong><span style=\"color: #00ff00;\">7:00 pm \u2013 10:00 pm<\/span><\/strong><\/p>\n<\/td>\n<td valign=\"center\" width=\"306\"><strong>C<em>inco sobre H presenta dos de cinco: Lucho y Natalia<br \/>\n<\/em><\/strong><strong><em>Proyecci\u00f3n cortometrajes finalistas<\/em><\/strong><br \/>\n<strong><em>\u00a0\u00a0Gala de premiaci\u00f3n <\/em><\/strong><\/td>\n<\/tr>\n<tr>\n<td valign=\"center\" width=\"100\">\n<p align=\"center\"><strong><span style=\"color: #00ff00;\">10:00 pm \u2013 12:00 am<\/span><\/strong><\/p>\n<\/td>\n<td valign=\"center\" width=\"306\"><strong><em>\u00a0<\/em><\/strong><strong><strong><em>Banda invitada sorpresa ( mayores de edad, cupo limitado, nos reservamos el derecho de\u00a0admisi\u00f3n)<\/em><\/strong><\/strong><\/td>\n<\/tr>\n<\/tbody>\n<\/table>\n<h4 class=\"p30\" style=\"text-align: center;\"><b>La agenda estar\u00e1 sujeta a cambios hasta el 25 de agosto<\/b><\/h4>\n<\/div>\n<\/div>\n<\/section>\n<section class=\"pix_divider\" style=\"background-image: url('http:\/\/www.corporacion-ats.com\/2014echele\/wp-content\/uploads\/2015\/08\/sdff.jpg');\">\n<div class=\"pix_column pix_column_990\"><\/div>\n<\/section>\n<\/div>\n<\/div>\n<\/section>\n<section class=\"pix_divider\" style=\"background-image: url('http:\/\/www.corporacion-ats.com\/2014echele\/wp-content\/uploads\/2015\/08\/sdff.jpg');\">\n<div class=\"pix_column pix_column_990\"><\/div>\n<\/section>\n","protected":false},"excerpt":{"rendered":"<p>FESTIVAL DE CORTOS PSICOACTIVOS\u00a0\u00c9CHELE CABEZA Teatro Esmeralda Pussycat Bogot\u00e1, Colombia Entrada libre Programaci\u00f3n 26 al 29 de agosto 2015 &nbsp; [&hellip;]<\/p>\n","protected":false},"author":3,"featured_media":1957,"comment_status":"open","ping_status":"open","sticky":false,"template":"","format":"standard","meta":{"site-sidebar-layout":"default","site-content-layout":"","ast-site-content-layout":"default","site-content-style":"default","site-sidebar-style":"default","ast-global-header-display":"","ast-banner-title-visibility":"","ast-main-header-display":"","ast-hfb-above-header-display":"","ast-hfb-below-header-display":"","ast-hfb-mobile-header-display":"","site-post-title":"","ast-breadcrumbs-content":"","ast-featured-img":"","footer-sml-layout":"","theme-transparent-header-meta":"","adv-header-id-meta":"","stick-header-meta":"","header-above-stick-meta":"","header-main-stick-meta":"","header-below-stick-meta":"","astra-migrate-meta-layouts":"default","ast-page-background-enabled":"default","ast-page-background-meta":{"desktop":{"background-color":"var(--ast-global-color-4)","background-image":"","background-repeat":"repeat","background-position":"center center","background-size":"auto","background-attachment":"scroll","background-type":"","background-media":"","overlay-type":"","overlay-color":"","overlay-opacity":"","overlay-gradient":""},"tablet":{"background-color":"","background-image":"","background-repeat":"repeat","background-position":"center center","background-size":"auto","background-attachment":"scroll","background-type":"","background-media":"","overlay-type":"","overlay-color":"","overlay-opacity":"","overlay-gradient":""},"mobile":{"background-color":"","background-image":"","background-repeat":"repeat","background-position":"center center","background-size":"auto","background-attachment":"scroll","background-type":"","background-media":"","overlay-type":"","overlay-color":"","overlay-opacity":"","overlay-gradient":""}},"ast-content-background-meta":{"desktop":{"background-color":"var(--ast-global-color-5)","background-image":"","background-repeat":"repeat","background-position":"center center","background-size":"auto","background-attachment":"scroll","background-type":"","background-media":"","overlay-type":"","overlay-color":"","overlay-opacity":"","overlay-gradient":""},"tablet":{"background-color":"var(--ast-global-color-5)","background-image":"","background-repeat":"repeat","background-position":"center center","background-size":"auto","background-attachment":"scroll","background-type":"","background-media":"","overlay-type":"","overlay-color":"","overlay-opacity":"","overlay-gradient":""},"mobile":{"background-color":"var(--ast-global-color-5)","background-image":"","background-repeat":"repeat","background-position":"center center","background-size":"auto","background-attachment":"scroll","background-type":"","background-media":"","overlay-type":"","overlay-color":"","overlay-opacity":"","overlay-gradient":""}},"footnotes":""},"categories":[1],"tags":[],"class_list":["post-1915","post","type-post","status-publish","format-standard","has-post-thumbnail","hentry","category-publicaciones"],"_links":{"self":[{"href":"https:\/\/www.echelecabeza.com\/wp-json\/wp\/v2\/posts\/1915","targetHints":{"allow":["GET"]}}],"collection":[{"href":"https:\/\/www.echelecabeza.com\/wp-json\/wp\/v2\/posts"}],"about":[{"href":"https:\/\/www.echelecabeza.com\/wp-json\/wp\/v2\/types\/post"}],"author":[{"embeddable":true,"href":"https:\/\/www.echelecabeza.com\/wp-json\/wp\/v2\/users\/3"}],"replies":[{"embeddable":true,"href":"https:\/\/www.echelecabeza.com\/wp-json\/wp\/v2\/comments?post=1915"}],"version-history":[{"count":0,"href":"https:\/\/www.echelecabeza.com\/wp-json\/wp\/v2\/posts\/1915\/revisions"}],"wp:featuredmedia":[{"embeddable":true,"href":"https:\/\/www.echelecabeza.com\/wp-json\/"}],"wp:attachment":[{"href":"https:\/\/www.echelecabeza.com\/wp-json\/wp\/v2\/media?parent=1915"}],"wp:term":[{"taxonomy":"category","embeddable":true,"href":"https:\/\/www.echelecabeza.com\/wp-json\/wp\/v2\/categories?post=1915"},{"taxonomy":"post_tag","embeddable":true,"href":"https:\/\/www.echelecabeza.com\/wp-json\/wp\/v2\/tags?post=1915"}],"curies":[{"name":"wp","href":"https:\/\/api.w.org\/{rel}","templated":true}]}}