{"id":3049,"date":"2017-06-26T14:21:21","date_gmt":"2017-06-26T19:21:21","guid":{"rendered":"https:\/\/www.echelecabeza.com\/?p=3049"},"modified":"2024-12-01T21:53:34","modified_gmt":"2024-12-01T21:53:34","slug":"el-debate-sobre-la-guerra-de-las-drogas-llega-a-la-pantalla-con-el-festival-de-cortos-psicoactivos-2017","status":"publish","type":"post","link":"https:\/\/www.echelecabeza.com\/el-debate-sobre-la-guerra-de-las-drogas-llega-a-la-pantalla-con-el-festival-de-cortos-psicoactivos-2017\/","title":{"rendered":"El debate sobre la guerra de las drogas llega a la pantalla con el Festival de Cortos Psicoactivos 2017"},"content":{"rendered":"<section>\n<div class=\"pix_column pix_column_730\">\n<div class=\"pix_column pix_column_730 alignleft\" data-class=\"pix_column alignleft pix_column_730\">\n<p><iframe src=\"https:\/\/www.youtube.com\/embed\/WV0SBhuZuTU?rel=0&amp;controls=0&amp;showinfo=0\" width=\"1280\" height=\"720\" frameborder=\"0\" allowfullscreen=\"allowfullscreen\"><\/iframe><\/p>\n<p><strong>Bogot\u00e1. 27 de junio de 2017<\/strong>. El Festival de Cortos Psicoactivos es un evento art\u00edstico, cultural y pedag\u00f3gico organizado por el Proyecto \u00c9chele Cabeza cuando se d\u00e9 en la cabeza y apoyado por el Ministerio de Cultura y su programa nacional de concertaci\u00f3n cultural. Su objetivo es\u00a0promover e incentivar la creaci\u00f3n y difusi\u00f3n- desde un enfoque pedag\u00f3gico, cient\u00edfico y art\u00edstico-, de trabajos audiovisuales sobre\u00a0nuevas formas de abordar el fen\u00f3meno de las drogas legales e ilegales en una sociedad que pide cambios.<\/p>\n<p><a href=\"https:\/\/www.echelecabeza.com\/wp-content\/uploads\/2017\/06\/afiche-con-logos-alta-final.jpg\"><img fetchpriority=\"high\" decoding=\"async\" class=\"aligncenter size-large wp-image-3061\" src=\"https:\/\/www.echelecabeza.com\/wp-content\/uploads\/2017\/06\/afiche-con-logos-alta-final-731x1024.jpg\" alt=\"afiche-con-logos-alta-final\" width=\"731\" height=\"1024\" title=\"\"><\/a><\/p>\n<p>El Festival que cuenta con dos versiones anteriores: 1ra. Muestra de cortos psicoactivos 2014, con un d\u00eda de duraci\u00f3n y el 1\u00ba Festival de Cortos Psicoactivos 2015 con cuatro\u00a0d\u00edas de duraci\u00f3n, es el \u00fanico espacio audiovisual del pa\u00eds, creado para escuchar la voz de las v\u00edctimas, de las familias, de los consumidores y de los expertos en este tema. Una alternativa diferente e innovadora, que pretende abrir el debate para ver y escuchar otras voces que narren\u00a0las consecuencias de la guerra contra las drogas, pues la opini\u00f3n y la discusi\u00f3n sobre este fen\u00f3meno, siempre se ha delegado a los pol\u00edticos, a la fuerza p\u00fablica y a\u00a0los medios comunicaci\u00f3n.<\/p>\n<p>En esta versi\u00f3n que se realizar\u00e1 en Bogot\u00e1 los d\u00edas 17, 18 y 19 de agosto de 2017 en la Cinemateca Distrital; contaremos con el apoyo de la\u00a0Corporaci\u00f3n\u00a0Audiovisual\u00a0El Espejo\u00a0y el Colectivo Audiovisual\u00a0Cinelibertad como jurados para la\u00a0selecci\u00f3n\u00a0de los ganadores, los reconocimientos\u00a0especiales\u00a0y las menciones\u00a0honor\u00edficas.<\/p>\n<p>Con la etiqueta #PreparaTuCinta los participantes, medios de comunicaci\u00f3n y seguidores podr\u00e1n mantenerse al tanto en las redes sociales de \u00c9chele cabeza y Acci\u00f3n T\u00e9cnica Social sobre las convocatorias, selecci\u00f3n oficial y desarrollo del evento en tiempo real.<\/p>\n<p><strong>Participar es muy sencillo, solo debe seguir los siguientes pasos:<\/strong><\/p>\n<ol>\n<li>Ingrese a la p\u00e1gina\u00a0echelecabeza.com<\/li>\n<li>Lea las bases y condiciones del concurso.<\/li>\n<li>Descargue la\u00a0lista de documentaci\u00f3n a presentar.<\/li>\n<li>Si usted desea presentar su trabajo como independiente (persona natural) descargue el formulario \u00fanico\u00a0para persona natural,\u00a0si es una persona jur\u00eddica o sea que tiene c\u00e1mara de comercio; descargue el formulario \u00fanico de inscripci\u00f3n para persona jur\u00eddica. Si por el contrario usted y su colectivo desean participar como una agrupaci\u00f3n\u00a0descargue el\u00a0formulario \u00fanico para agrupaci\u00f3n o colectivo.<\/li>\n<li>Verifique la categor\u00eda en la que desea participar y selecci\u00f3nela: acci\u00f3n, video clip, animaci\u00f3n, documental.<\/li>\n<li>Si en su trabajo audiovisual usted cuenta la participaci\u00f3n de alg\u00fan menor de edad, por\u00a0favor diligenciar el formulario de autorizaci\u00f3n para menores de edad.<\/li>\n<li>Por \u00faltimo, revise con frecuencia nuestra p\u00e1gina para que est\u00e9 al tanto de todas las noticias sobre el festival, cambios o ajuste de la agenda oficial del evento.<\/li>\n<\/ol>\n<p><strong>\u00bfQui\u00e9nes pueden participar?<\/strong><\/p>\n<p>Esta convocatoria est\u00e1 abierta para todos nuestros seguidores, personas naturales o personas jur\u00eddicas sin \u00e1nimo de lucro, agrupaciones o colectivos, estudiantes, realizadores, productores, aficionados y p\u00fablico en general que desee participar.<\/p>\n<p>Recibiremos trabajos audiovisuales de diferentes ciudades y pa\u00edses alrededor del mundo<\/p>\n<p><strong>Paneles de discusi\u00f3n:<\/strong><\/p>\n<p>El Festival contar\u00e1 con tres\u00a0paneles de discusi\u00f3n; uno para cada d\u00eda orientado a las diferentes tem\u00e1ticas\u00a0del evento.<\/p>\n<p><strong>Actividades complementarias<\/strong>:<\/p>\n<ul>\n<li>Exposici\u00f3n art\u00edstica.<\/li>\n<li>Ceremonia de cierre (Premiaci\u00f3n a los artistas ganadores, invitado sorpresa).<\/li>\n<\/ul>\n<p><strong>Convocatoria:<\/strong><\/p>\n<p>Se recibira\u0301n exploraciones basadas en cualquier formato t\u00e9cnico disponible, dentro de las categor\u00edas de ficci\u00f3n, documental, animaci\u00f3n y videoclip.<\/p>\n<p>Para la evaluaci\u00f3n de los cortometrajes se tendr\u00e1n en cuenta criterios de calidad (pertinencia del contenido), originalidad (particularidad o singularidad del contenido) y destreza (habilidad con el uso de t\u00e9cnicas de aproximaci\u00f3n al contenido), presentes en el desarrollo narrativo de la obra y que den cuenta de maneras innovadoras de abordar la relaci\u00f3n de las drogas\u00a0en las\u00a0siguientes tem\u00e1ticas:<\/p>\n<p>\u2013<strong>Cultura<\/strong>\u00a0(Ejemplo: Experiencias psicoactivas, educaci\u00f3n y pedagog\u00eda, manifestaciones del arte y est\u00e9ticas psicona\u0301uticas, usos y saberes ancestrales y pr\u00e1cticas industriales).<\/p>\n<p>\u2013<strong>Salud<\/strong>\u00a0(Ejemplo: Usos y abusos de sustancias psicoactivas legales o ilegales, estrategias medicinales, farmacolog\u00eda, salud mental, estrategias de reducci\u00f3n de riesgo y da\u00f1o, prevenci\u00f3n y tratamientos alternativos en el consumo de sustancias psicoactivas -SPA-, usos medicinales de plantas sagradas).<\/p>\n<p>\u2013<strong>Pol\u00edtica<\/strong>\u00a0(Ejemplo: Activismo, legalizaci\u00f3n y regulaci\u00f3n, estigmatizaci\u00f3n, legislaci\u00f3n, persecuci\u00f3n, represi\u00f3n social, pol\u00edticas de drogas, fin de la guerra contra las drogas).<\/p>\n<p>Para la versi\u00f3n del Festival de Cortos Psicoactivos 2017 contaremos con una\u00a0tem\u00e1tica especial llamada\u00a0<em>COCA y\/o COCA\u00cdNA<\/em>, como parte de la estrategia para visibilizar el proyecto\u00a0#CocaReguladaPazGarantizada liderado por nuestra organizaci\u00f3n Acci\u00f3n T\u00e9cnica Social. Esta tem\u00e1tica ser\u00e1\u00a0premiada con un est\u00edmulo adicional por un mill\u00f3n de pesos.<\/p>\n<p>De acuerdo con lo anterior,\u00a0queremos involucrar trabajos audiovisuales en cualquier tipo de formato en donde se aborde tema de la\u00a0<em>COCA y\/o COCA\u00cdNA<\/em>\u00a0(Ejemplo: Usos medicinales, terap\u00e9uticos, industriales, nutricionales, ancestrales, usos de coca\u00edna, usos recreativos, abuso, dependencia, medio ambiente, violencia y narcotr\u00e1fico).<\/p>\n<p>Se incita especialmente la creacio\u0301n de cortometrajes ine\u0301ditos a razo\u0301n de esta convocatoria, aunque tambie\u0301n es admisible toda pieza audiovisual original de fecha de produccio\u0301n anterior, que no haya concursado en la 1ra. Muestra de cortos psicoactivos 2014, ni en el Festival de Cortos Psicoactivos 2015.<\/p>\n<p><strong>Est\u00edmulos:<\/strong><strong><u><br \/>\n<\/u><\/strong><\/p>\n<p><strong><u>Mejores<\/u><\/strong> <strong><u>Cortometrajes:<\/u><\/strong><\/p>\n<ol>\n<li><strong>a<\/strong><strong>. <\/strong><strong>Mejor<\/strong> <strong>cortometraje<\/strong> <strong>COCA<\/strong> <strong>y<\/strong><strong>\/<\/strong><strong>o<\/strong> <strong>COCA\u00cdNA<\/strong><\/li>\n<\/ol>\n<p>$1.000.000 pesos.<\/p>\n<ol>\n<li><strong>b<\/strong><strong>. <\/strong><strong>Mejor<\/strong> <strong>cortometraje<\/strong> <strong>ficci\u00f3n<\/strong><\/li>\n<\/ol>\n<p>$1.000.000 pesos.<\/p>\n<ol>\n<li><strong>c<\/strong><strong>. <\/strong><strong>Mejor<\/strong> <strong>cortometraje<\/strong> <strong>documental<\/strong><\/li>\n<\/ol>\n<p>$1.000.000 pesos.<\/p>\n<ol>\n<li><strong>d<\/strong><strong>. <\/strong><strong>Mejor<\/strong> <strong>cortometraje<\/strong> <strong>animacio\u0301n<\/strong><\/li>\n<\/ol>\n<p>$1.000.000 pesos.<\/p>\n<ol>\n<li><strong>e<\/strong><strong>. <\/strong><strong>Mejor<\/strong> <strong>cortometraje<\/strong> <strong>videoclip<\/strong><\/li>\n<\/ol>\n<p>$1.000.000 pesos.<\/p>\n<ol start=\"2\">\n<li><strong><u>Menciones honor\u00edficas:<\/u><\/strong><\/li>\n<\/ol>\n<p>Se otorgar\u00e1n cuatro becas de cursos libres a los cuatro cortometrajes ganadores de las menciones honorificas en las categor\u00edas respectivas junto con su galard\u00f3n. Adicional a esto recibir\u00e1 un kit psicoactivo compuesto por libro, folletos, camisetas, afiches y pegatinas de \u00c9chele Cabeza. Las becas para los cursos libres ser\u00e1n anunciadas durante el proceso de convocatoria del Festival.<\/p>\n<ol start=\"3\">\n<li><strong><u>Reconocimientos especiales:<\/u><\/strong><\/li>\n<\/ol>\n<p>Se otorgar\u00e1n cuatro galardones a los cuatro cortometrajes ganadores de los reconocimientos especiales en las categor\u00edas respectivas. Adicional a esto recibir\u00e1 un kit psicoactivo compuesto por libro, folletos, camisetas, afiches y pegatinas de \u00c9chele Cabeza.<\/p>\n<p><strong>Es muy grato para \u00c9chele Cabeza informar a los participantes que se contar\u00e1 con el apoyo del SENA para premiar a los ganadores de &#8220;menciones honor\u00edficas&#8221;\u00a0y &#8220;reconocimientos especiales&#8221; con cursos libres en desarrollo audiovisual. <\/strong><\/p>\n<p><strong>Fechas Importantes:<\/strong><\/p>\n<p><strong>Cierre de convocatoria:<\/strong><br \/>\n2 de agosto de 2017<\/p>\n<p><strong>Recepci\u00f3n de propuestas:<\/strong><strong><br \/>\n<\/strong>Desde el 8 de mayo hasta el<br \/>\n2 de agosto de 2017<\/p>\n<p><strong>Anuncio selecci\u00f3n oficial:<\/strong><strong><br \/>\n<\/strong>Del 8 al 12 de agosto de 2017<\/p>\n<p><strong>Agenda del festival:<\/strong><strong><br \/>\n<\/strong>15 de agosto de 2017<\/p>\n<p><strong>Festival:<\/strong><\/p>\n<p>17, 18 y 19 de agosto de 2017<\/p>\n<p>Las bases y condiciones del concurso, as\u00ed como la documentaci\u00f3n necesaria para participar pueden consultarse en<\/p>\n<p><a href=\"https:\/\/www.echelecabeza.com\/festivaldecortos\/\"><strong>http<\/strong><strong>:\/\/<\/strong><strong>www<\/strong><strong>.<\/strong><strong>echelecabeza<\/strong><strong>.<\/strong><strong>com<\/strong><strong>\/<\/strong><strong>festivaldecortos<\/strong><strong>\/<\/strong><\/a><\/p>\n<p><strong>PREGUNTAS \/ CITAS NACIONALES:<\/strong><\/p>\n<p><strong>VANESA MORRIS SILVA<\/strong><\/p>\n<p>DIRECTORA DEL FESTIVAL<br \/>\n<a href=\"mailto:echelecabeza@gmail.com\">echelecabeza@gmail.com<br \/>\n<\/a>Twitter: @echelecabeza<br \/>\nFacebook: \u00c9chele cabeza cuando se d\u00e9 en la cabeza<\/p>\n<\/div>\n<\/div>\n<\/section>\n","protected":false},"excerpt":{"rendered":"<p>Bogot\u00e1. 27 de junio de 2017. El Festival de Cortos Psicoactivos es un evento art\u00edstico, cultural y pedag\u00f3gico organizado por [&hellip;]<\/p>\n","protected":false},"author":3,"featured_media":5556,"comment_status":"open","ping_status":"open","sticky":false,"template":"","format":"standard","meta":{"site-sidebar-layout":"default","site-content-layout":"","ast-site-content-layout":"default","site-content-style":"default","site-sidebar-style":"default","ast-global-header-display":"","ast-banner-title-visibility":"","ast-main-header-display":"","ast-hfb-above-header-display":"","ast-hfb-below-header-display":"","ast-hfb-mobile-header-display":"","site-post-title":"","ast-breadcrumbs-content":"","ast-featured-img":"","footer-sml-layout":"","theme-transparent-header-meta":"default","adv-header-id-meta":"","stick-header-meta":"","header-above-stick-meta":"","header-main-stick-meta":"","header-below-stick-meta":"","astra-migrate-meta-layouts":"set","ast-page-background-enabled":"default","ast-page-background-meta":{"desktop":{"background-color":"var(--ast-global-color-4)","background-image":"","background-repeat":"repeat","background-position":"center center","background-size":"auto","background-attachment":"scroll","background-type":"","background-media":"","overlay-type":"","overlay-color":"","overlay-opacity":"","overlay-gradient":""},"tablet":{"background-color":"","background-image":"","background-repeat":"repeat","background-position":"center center","background-size":"auto","background-attachment":"scroll","background-type":"","background-media":"","overlay-type":"","overlay-color":"","overlay-opacity":"","overlay-gradient":""},"mobile":{"background-color":"","background-image":"","background-repeat":"repeat","background-position":"center center","background-size":"auto","background-attachment":"scroll","background-type":"","background-media":"","overlay-type":"","overlay-color":"","overlay-opacity":"","overlay-gradient":""}},"ast-content-background-meta":{"desktop":{"background-color":"var(--ast-global-color-5)","background-image":"","background-repeat":"repeat","background-position":"center center","background-size":"auto","background-attachment":"scroll","background-type":"","background-media":"","overlay-type":"","overlay-color":"","overlay-opacity":"","overlay-gradient":""},"tablet":{"background-color":"var(--ast-global-color-5)","background-image":"","background-repeat":"repeat","background-position":"center center","background-size":"auto","background-attachment":"scroll","background-type":"","background-media":"","overlay-type":"","overlay-color":"","overlay-opacity":"","overlay-gradient":""},"mobile":{"background-color":"var(--ast-global-color-5)","background-image":"","background-repeat":"repeat","background-position":"center center","background-size":"auto","background-attachment":"scroll","background-type":"","background-media":"","overlay-type":"","overlay-color":"","overlay-opacity":"","overlay-gradient":""}},"footnotes":""},"categories":[1],"tags":[],"class_list":["post-3049","post","type-post","status-publish","format-standard","has-post-thumbnail","hentry","category-publicaciones"],"_links":{"self":[{"href":"https:\/\/www.echelecabeza.com\/wp-json\/wp\/v2\/posts\/3049","targetHints":{"allow":["GET"]}}],"collection":[{"href":"https:\/\/www.echelecabeza.com\/wp-json\/wp\/v2\/posts"}],"about":[{"href":"https:\/\/www.echelecabeza.com\/wp-json\/wp\/v2\/types\/post"}],"author":[{"embeddable":true,"href":"https:\/\/www.echelecabeza.com\/wp-json\/wp\/v2\/users\/3"}],"replies":[{"embeddable":true,"href":"https:\/\/www.echelecabeza.com\/wp-json\/wp\/v2\/comments?post=3049"}],"version-history":[{"count":2,"href":"https:\/\/www.echelecabeza.com\/wp-json\/wp\/v2\/posts\/3049\/revisions"}],"predecessor-version":[{"id":5831,"href":"https:\/\/www.echelecabeza.com\/wp-json\/wp\/v2\/posts\/3049\/revisions\/5831"}],"wp:featuredmedia":[{"embeddable":true,"href":"https:\/\/www.echelecabeza.com\/wp-json\/wp\/v2\/media\/5556"}],"wp:attachment":[{"href":"https:\/\/www.echelecabeza.com\/wp-json\/wp\/v2\/media?parent=3049"}],"wp:term":[{"taxonomy":"category","embeddable":true,"href":"https:\/\/www.echelecabeza.com\/wp-json\/wp\/v2\/categories?post=3049"},{"taxonomy":"post_tag","embeddable":true,"href":"https:\/\/www.echelecabeza.com\/wp-json\/wp\/v2\/tags?post=3049"}],"curies":[{"name":"wp","href":"https:\/\/api.w.org\/{rel}","templated":true}]}}