{"id":3640,"date":"2018-01-17T22:50:24","date_gmt":"2018-01-17T22:50:24","guid":{"rendered":"https:\/\/www.echelecabeza.com\/2018\/?p=3640"},"modified":"2025-05-13T01:53:47","modified_gmt":"2025-05-13T01:53:47","slug":"2cb-adulterado-y-falso","status":"publish","type":"post","link":"https:\/\/www.echelecabeza.com\/2cb-adulterado-y-falso\/","title":{"rendered":"2CB adulterado y falso"},"content":{"rendered":"<div id=\"cc-m-6293404282\" class=\"n j-text\">\n<p style=\"text-align: justify;\"><em>Opini\u00f3n: Vulcano para \u00c9chele Cabeza<\/em><\/p>\n<\/div>\n<div id=\"cc-m-6293398582\" class=\"n j-header\" style=\"text-align: justify;\">\n<h3><strong>La prensa y la polic\u00eda promueven el consumo, desinforman a las personas usuarias\u00a0de sustancias psicoactivas y ponen en riesgo su salud.<\/strong><\/h3>\n<\/div>\n<div id=\"cc-m-6293404382\" class=\"n j-imageSubtitle\" style=\"text-align: justify;\">\n<div class=\"clearover\">\n<div class=\"cc-m-image-resizewrapper cc-imagewrapper cc-m-image-align-1\">Desde que en octubre de 2012 la revista Semana public\u00f3 un art\u00edculo titulado\u00a0<a href=\"http:\/\/www.semana.com\/nacion\/articulo\/la-droga-2cb-traba-elite\/267008-3\" target=\"_blank\" rel=\"noopener\">\u201cLa droga 2CB, la \u2018traba\u2019 de \u00e9lite\u201d<\/a>\u00a0se evidenci\u00f3 la existencia de esta sustancia psicoactiva en el mercado colombiano, posicionada para ese momento como una droga de \u201c\u00e9lite\u201d, de \u201cclase alta\u201d, costosa y de mucho placer, que toda persona deb\u00eda comprar para \u201cpertenecer\u201d y adquirir \u201cestatus\u201d. Desde entonces, se empez\u00f3 a construir la leyenda de una droga, pues nadie, ni el mismo periodista, hab\u00eda podido comprobar la historia de su procesamiento y arribo a Colombia.<\/div>\n<\/div>\n<div class=\"clearover\">\n<p>Debido a los coletazos de esta noticia, las calles empezaron a verse cada m\u00e1s inundadas de bolsitas con polvos de colores bajo el nombre de 2CB. Como se dio a conocer en la Alerta informativa en Drogas N\u00b0 1 de febrero de 2012, en dos muestras analizadas de 2C-B por separado en marzo y diciembre de 2012 respectivamente, se encontr\u00f3 en \u201cketamina, metilsalicilato y un diluyente que no hemos identificado, nada de 2C-B\u201d. Respecto a la segunda, \u201canfetamina, MDMA y una cantidad menor al 30% de 2CB\u201d. En otro an\u00e1lisis de 2C-B realizado en la fiesta de cierre del Bogotrax ese mismo a\u00f1o qued\u00f3 demostrado que ninguna de las dos muestras suministradas conten\u00eda dicha sustancia.<\/p>\n<p>Como bien lo dijo el dealer entrevistado para el\u00a0peri\u00f3dico El Tiempo\u00a0<a href=\"http:\/\/www.eltiempo.com\/archivo\/documento\/CMS-12605417\" target=\"_blank\" rel=\"noopener\">\u201cLa gente est\u00e1 comprando ahora mucho el 2CB por la novedad y porque los medios hasta ahora la est\u00e1n mencionando todo el tiempo. Antes era m\u00e1s exclusiva, aunque, para m\u00ed, mejor, porque se vende m\u00e1s\u201d<\/a>.\u00a0No es dif\u00edcil inferir c\u00f3mo entonces, gracias a un art\u00edculo de la revista Semana que ubic\u00f3 la sustancia entre un consumo de \u00e9lite, la gente empez\u00f3 a demandarla y dealers principiaron a distribuir algo que no lo era, aprovechando el boom medi\u00e1tico, la ignorancia de la polic\u00eda y las personas usuarias.<\/p>\n<p>Encima de todo, para cerrar semejante cap\u00edtulo de difusi\u00f3n, publicidad y promoci\u00f3n del consumo de 2CB orquestado desde la revista Semana, en enero de este a\u00f1o indicaron c\u00f3mo era una sustancia de\u00a0<a href=\"http:\/\/www.semana.com\/nacion\/articulo\/alta-sociedad-inquieta-captura-capo\/331190-3\" target=\"_blank\" rel=\"noopener\">\u201cmodelos, reinas, actores, pol\u00edticos y miembros de una parte de la denominada alta sociedad bogotana\u201d<\/a>, algo que apoyado en el complejo de la clase media arribista, difund\u00eda a\u00fan m\u00e1s el consumo entre la poblaci\u00f3n m\u00e1s j\u00f3ven, \u00e1vida de conocer las experiencias de los sectores m\u00e1s ricos y poderosos, de sus estrellas de televisi\u00f3n, de sus referentes art\u00edsticos, de esas personas que representan lo que ella quiere ser alg\u00fan d\u00eda, una \u201cwannabe middle class\u201d.<\/p>\n<p>El d\u00eda de hoy 17 de marzo el peri\u00f3dico El Espectador, caracterizado por un manejo responsable de la informaci\u00f3n en drogas durante el reciente periodo, publica ligeramente el art\u00edculo\u00a0<a href=\"http:\/\/www.elespectador.com\/noticias\/judicial\/cae-cargamento-de-3380-dosis-de-droga-sintetica-cali-articulo-410775\" target=\"_blank\" rel=\"noopener\">\u201cCae cargamento de 3.380 dosis de droga sint\u00e9tica en Cali\u201d<\/a>, reportaje que empieza por tratar al 2CB como un \u201calucin\u00f3geno\u201d cuando sus propiedades en dosis altas son psicod\u00e9licas, luego contin\u00faa haciendo eco de las declaraciones erradas de la polic\u00eda cuando indica que las muestras analizadas dieron \u201cpositivo para anfetaminas, en este caso 2CB\u201d, siendo que el 2CB es una feniletilamina (derivado anfetam\u00ednico) pero con efectos, riesgos y consecuencias muy distintas entre ambos sint\u00e9ticos.<\/p>\n<p>El art\u00edculo no cita ninguna fuente para indicar que el 2CB es un compuesto de \u201cherbicidas, analg\u00e9sicos, laxantes, antihistam\u00ednicos, cafe\u00edna, viagra e incluso anest\u00e9sicos de uso veterinario\u201d y remata cuando indica que \u201cintensificando los sentidos, generando desinhibici\u00f3n y empat\u00eda con el entorno y alentando el deseo de moverse y bailar (alto grado estado de excitaci\u00f3n), es por eso que com\u00fanmente es utilizada en fiestas, bares y discotecas\u201d, dejando en el ambiente sus efectos placenteros e impulsando el consumo. Para terminar confunde la sigla de la Dietilamida de \u00e1cido Lis\u00e9rgico\u00a0(LSD)\u00a0con las pantallas de los televisores y computadores (LCD) \u00a1Nunca se ponga un LCD debajo de la lengua, eso s\u00ed debe ser da\u00f1ino!<\/p>\n<p>En conclusi\u00f3n, queda demostrado una vez m\u00e1s que la desinformaci\u00f3n de la prensa, el af\u00e1n del sensacionalismo y la falta de formaci\u00f3n de la fuerza p\u00fablica terminan por promover el consumo, empujando a personas usuarias de estrategias de prevenci\u00f3n in\u00fatiles a caer en riesgos innecesarios, por confiarse de la idoneidad de estas dos instituciones para suministrar informaci\u00f3n pertinente a sus inquietudes, algo que por supuesto no han de obtener.<\/p>\n<p>Me surge pues una pregunta, \u00bfla revista Semana o acaso miembros de su equipo de periodistas tendr\u00e1n parte en el negocio? No entiendo c\u00f3mo Carlos Eduardo Huertas, reconocido editor de esta publicaci\u00f3n y jurado en el seminario para periodistas de la\u00a0<a href=\"http:\/\/conferenciadrogas.com\/2012\/?lang=es\" target=\"_blank\" rel=\"noopener\">IV Conferencia Latinoamericana sobre Pol\u00edticas de Drogas<\/a>\u00a0realizada en diciembre de 2012 en Bogot\u00e1, deja pasar o permite la difusi\u00f3n de este tipo de informaci\u00f3n.<\/p>\n<p>Existen muchos manuales internacionales para el manejo del tema de drogas en los medios de comunicaci\u00f3n, ya es hora que los ministerios de Salud y Protecci\u00f3n Social, as\u00ed como de Justicia y del Derecho promuevan uno.<\/p>\n<p>Con estos enemigos de las drogas y el narcotr\u00e1fico, para qu\u00e9 amigos, aunque \u00a1con esta publicidad, para qu\u00e9 m\u00e1s!<\/p>\n<p>Se hace evidente la promoci\u00f3n del consumo por parte de los medios\u00a0otra vez.<\/p>\n<p>Por lo tanto, si quiere conocer m\u00e1s sobre 2CB,\u00a0mejor consulte\u00a0<a href=\"http:\/\/energycontrol.org\/infodrogas\/2cb.html\" target=\"_blank\" rel=\"noopener\">gente experta<\/a>.<\/p>\n<\/div>\n<\/div>\n<div id=\"cc-m-6293398682\" class=\"n j-text\" style=\"text-align: justify;\"><\/div>\n<p>[\/vc_column_text][\/vc_column][\/vc_row]<\/p>\n","protected":false},"excerpt":{"rendered":"<p>Desde que en octubre de 2012 la revista Semana public\u00f3 un art\u00edculo titulado\u00a0\u201cLa droga 2CB, la \u2018traba\u2019 de \u00e9lite\u201d\u00a0se evidenci\u00f3 la existencia de esta sustancia psicoactiva en el mercado colombiano, posicionada para ese momento como una droga de \u201c\u00e9lite\u201d, de \u201cclase alta\u201d, costosa y de mucho placer, que toda persona deb\u00eda comprar para \u201cpertenecer\u201d y adquirir \u201cestatus\u201d. Desde entonces, se empez\u00f3 a construir la leyenda de una droga, pues nadie, ni el mismo periodista, hab\u00eda podido comprobar la historia de su procesamiento y arribo a Colombia.<\/p>\n","protected":false},"author":3,"featured_media":3642,"comment_status":"closed","ping_status":"closed","sticky":false,"template":"","format":"standard","meta":{"site-sidebar-layout":"default","site-content-layout":"","ast-site-content-layout":"default","site-content-style":"default","site-sidebar-style":"default","ast-global-header-display":"","ast-banner-title-visibility":"","ast-main-header-display":"","ast-hfb-above-header-display":"","ast-hfb-below-header-display":"","ast-hfb-mobile-header-display":"","site-post-title":"","ast-breadcrumbs-content":"","ast-featured-img":"","footer-sml-layout":"","theme-transparent-header-meta":"default","adv-header-id-meta":"","stick-header-meta":"","header-above-stick-meta":"","header-main-stick-meta":"","header-below-stick-meta":"","astra-migrate-meta-layouts":"set","ast-page-background-enabled":"default","ast-page-background-meta":{"desktop":{"background-color":"var(--ast-global-color-4)","background-image":"","background-repeat":"repeat","background-position":"center center","background-size":"auto","background-attachment":"scroll","background-type":"","background-media":"","overlay-type":"","overlay-color":"","overlay-opacity":"","overlay-gradient":""},"tablet":{"background-color":"","background-image":"","background-repeat":"repeat","background-position":"center center","background-size":"auto","background-attachment":"scroll","background-type":"","background-media":"","overlay-type":"","overlay-color":"","overlay-opacity":"","overlay-gradient":""},"mobile":{"background-color":"","background-image":"","background-repeat":"repeat","background-position":"center center","background-size":"auto","background-attachment":"scroll","background-type":"","background-media":"","overlay-type":"","overlay-color":"","overlay-opacity":"","overlay-gradient":""}},"ast-content-background-meta":{"desktop":{"background-color":"var(--ast-global-color-5)","background-image":"","background-repeat":"repeat","background-position":"center center","background-size":"auto","background-attachment":"scroll","background-type":"","background-media":"","overlay-type":"","overlay-color":"","overlay-opacity":"","overlay-gradient":""},"tablet":{"background-color":"var(--ast-global-color-5)","background-image":"","background-repeat":"repeat","background-position":"center center","background-size":"auto","background-attachment":"scroll","background-type":"","background-media":"","overlay-type":"","overlay-color":"","overlay-opacity":"","overlay-gradient":""},"mobile":{"background-color":"var(--ast-global-color-5)","background-image":"","background-repeat":"repeat","background-position":"center center","background-size":"auto","background-attachment":"scroll","background-type":"","background-media":"","overlay-type":"","overlay-color":"","overlay-opacity":"","overlay-gradient":""}},"footnotes":""},"categories":[1],"tags":[143],"class_list":["post-3640","post","type-post","status-publish","format-standard","has-post-thumbnail","hentry","category-publicaciones","tag-alertas-psicoactivas"],"_links":{"self":[{"href":"https:\/\/www.echelecabeza.com\/wp-json\/wp\/v2\/posts\/3640","targetHints":{"allow":["GET"]}}],"collection":[{"href":"https:\/\/www.echelecabeza.com\/wp-json\/wp\/v2\/posts"}],"about":[{"href":"https:\/\/www.echelecabeza.com\/wp-json\/wp\/v2\/types\/post"}],"author":[{"embeddable":true,"href":"https:\/\/www.echelecabeza.com\/wp-json\/wp\/v2\/users\/3"}],"replies":[{"embeddable":true,"href":"https:\/\/www.echelecabeza.com\/wp-json\/wp\/v2\/comments?post=3640"}],"version-history":[{"count":1,"href":"https:\/\/www.echelecabeza.com\/wp-json\/wp\/v2\/posts\/3640\/revisions"}],"predecessor-version":[{"id":5805,"href":"https:\/\/www.echelecabeza.com\/wp-json\/wp\/v2\/posts\/3640\/revisions\/5805"}],"wp:featuredmedia":[{"embeddable":true,"href":"https:\/\/www.echelecabeza.com\/wp-json\/wp\/v2\/media\/3642"}],"wp:attachment":[{"href":"https:\/\/www.echelecabeza.com\/wp-json\/wp\/v2\/media?parent=3640"}],"wp:term":[{"taxonomy":"category","embeddable":true,"href":"https:\/\/www.echelecabeza.com\/wp-json\/wp\/v2\/categories?post=3640"},{"taxonomy":"post_tag","embeddable":true,"href":"https:\/\/www.echelecabeza.com\/wp-json\/wp\/v2\/tags?post=3640"}],"curies":[{"name":"wp","href":"https:\/\/api.w.org\/{rel}","templated":true}]}}