{"id":4521,"date":"2019-08-20T11:40:01","date_gmt":"2019-08-20T11:40:01","guid":{"rendered":"https:\/\/www.echelecabeza.com\/?p=4521"},"modified":"2025-01-10T12:20:27","modified_gmt":"2025-01-10T12:20:27","slug":"agenda-conversatorios-boleteria-v-festival-de-cortos-psicoactivos-echele-cabeza","status":"publish","type":"post","link":"https:\/\/www.echelecabeza.com\/agenda-conversatorios-boleteria-v-festival-de-cortos-psicoactivos-echele-cabeza\/","title":{"rendered":"Agenda, conversatorios, boleter\u00eda. V Festival de Cortos Psicoactivos \u00c9chele Cabeza"},"content":{"rendered":"<h2 style=\"text-align: center;\">V Festival de Cortos Psicoactivos \u00c9chele Cabeza<\/h2>\n<p style=\"text-align: center;\">Una manera diferente de ver las drogas para un debate que no avanza.<\/p>\n<p style=\"text-align: center;\">Cinemateca de Bogot\u00e1 29, 30 y 31 de Agosto de 2019<\/p>\n<p style=\"text-align: center;\">Produce: Corporaci\u00f3n Acci\u00f3n T\u00e9cnica Social.<\/p>\n<p>&nbsp;<\/p>\n<p>El Festival de Cortos Psicoactivos es un evento art\u00edstico, cultural y pedag\u00f3gico el cual cuenta con 4 versiones anteriores, con el fin de promover e incentivar la creaci\u00f3n y difusi\u00f3n de trabajos audiovisuales desde un enfoque pedag\u00f3gico y art\u00edstico <strong><em><u>hacia nuevas formas de abordar el fen\u00f3meno de las drogas legales e ilegales en una sociedad que pide cambio a gritos<\/u><\/em><\/strong><u>.<\/u>Es un festival que le aporta debate e interpretaci\u00f3n a la coyuntura que cada vez nos abruma m\u00e1s con el debate de las drogas, pero que, a veces no solo se estanca en los mismos argumentos, sino que intenta echar para atr\u00e1s.<\/p>\n<p>Este festival surge de la ausencia de espacios audiovisuales para abrir el debate sobre el fracaso de \u201cLa guerra contra las drogas\u201d, en donde se pueda escuchar la voz de las v\u00edctimas, escuchar la voz de las familias, los consumidores y los expertos. Es necesario abrir este espacio para ver y escuchar las otras voces de las consecuencias de la guerra contra las drogas. Los temas son guerra contra las drogas, salud, represi\u00f3n policial, activismo, plantas sagradas, experiencias psicoactivas, prevenci\u00f3n del consumo, vulneraci\u00f3n de derechos, est\u00e9ticas psiconautas, reducci\u00f3n de riesgo y da\u00f1o, tratamientos alternativos, m\u00fasica y drogas. Este a\u00f1o recibiremos propuestas frente al tema de tabaco y nicotina.<\/p>\n<ul>\n<li>El festival de cortos psicoactivos es el \u00fanico en su tema en el mundo y tiene un archivo en l\u00ednea con cortos audiovisuales constantemente consultados con fines acad\u00e9micos, pedag\u00f3gicos y de debate. https:\/\/www.youtube.com\/user\/corporacionATS\/videos<\/li>\n<li>43 cortos audiovisuales en la selecci\u00f3n oficial del a\u00f1o 2019 en las categor\u00edas de Ficci\u00f3n, Documental, Video Clip, Animaci\u00f3n y este a\u00f1o especial de tabaco y nicotina. Aqu\u00ed la selecci\u00f3n oficial y horarios.<\/li>\n<li>2 conversatorios acad\u00e9micos sobre \u201cRetos y aprendizajes de la gesti\u00f3n cultural y del cine y festivales en Colombia\u201d orientados por directores y productores de los festivales \u201cOjo al Sancocho\u201d, \u201cCine autopsia\u201d, \u201cBogoshorts\u201d, \u201cLaboratorio Black Velvet\u201d y \u201cfestival de cine por los Derechos Humanos\u201d.<\/li>\n<li>Exposici\u00f3n de fotograf\u00eda, exposici\u00f3n de afiches e instalaci\u00f3n art\u00edstica.<\/li>\n<li>3 Paneles de discusi\u00f3n con personas expertas del mundo de las drogas y el cine.\n<ul>\n<li><strong><em><u>Jueves 29,<\/u><\/em><\/strong>\u201cGuerra contra las drogas: el regreso del glifosato\u201d. de 4:00 a 6:30 p.m.<\/li>\n<li><strong><em><u>Viernes 30, \u201c<\/u><\/em><\/strong>Cine y Drogas: La influencia de las drogas en la construcci\u00f3n de narrativas audiovisuales. \u00bfInspiraci\u00f3n o destrucci\u00f3n?\u201d de 3:00 a 5:30 p.m.<\/li>\n<li><strong><em><u>S\u00e1bado 31,<\/u><\/em><\/strong>\u201cTechno-log\u00edas y drogas: MDMA del Rave a la Terapia de 7:00 a 9:30 p.m<\/li>\n<\/ul>\n<\/li>\n<\/ul>\n<p>&nbsp;<\/p>\n<p><strong>P\u00e1gina oficial del festival <\/strong><\/p>\n<p><a href=\"https:\/\/www.echelecabeza.com\/festivaldecortos\/festival-de-cortos-psicoactivos-echele-cabeza-2019\/\">https:\/\/www.echelecabeza.com\/festivaldecortos\/festival-de-cortos-psicoactivos-echele-cabeza-2019\/<\/a><\/p>\n<p><strong>Programaci\u00f3n detallada aqu\u00ed. <\/strong><\/p>\n<p><a href=\"https:\/\/www.echelecabeza.com\/festivaldecortos\/programacion-2019\/\">https:\/\/www.echelecabeza.com\/festivaldecortos\/programacion-2019\/<\/a><\/p>\n<p><strong>Temas, horarios e invitados conversatorios aqu\u00ed. <\/strong><\/p>\n<p><a href=\"https:\/\/www.echelecabeza.com\/festivaldecortos\/conversatorios-2019\/\">https:\/\/www.echelecabeza.com\/festivaldecortos\/conversatorios-2019\/<\/a><\/p>\n<p><strong>Cat\u00e1logo de obras seleccionadas. <\/strong><\/p>\n<p><a href=\"https:\/\/www.echelecabeza.com\/festivaldecortos\/catalogo-2019\/\">https:\/\/www.echelecabeza.com\/festivaldecortos\/catalogo-2019\/<\/a><\/p>\n<p>Siga Instrucciones para acceder a boleter\u00eda<\/p>\n<p>[gview file=&#8221;https:\/\/www.echelecabeza.com\/wp-content\/uploads\/2019\/08\/INSTRUCCIONES-PARA-ACCEDER-A-BOLETERIA-FESTIVAL-DE-CORTOS-PSICOACTIVOS-1.pdf&#8221;]<\/p>\n<p>Mientras los gobernantes siguen imponiendo un enfoque prohibicionista que niega la evidencia de su fracaso y los m\u00e9dicos insisten en que la mayor\u00eda los consumidores son adictos sin salvaci\u00f3n, los nuevos realizadores audiovisuales, plantean una nueva manera de ver el fen\u00f3meno de las drogas. Cortometrajes que hablan del cierre de la \u00faltima planta de Piel Roja en Colombia, la selva como v\u00edctima silenciosa del narcotr\u00e1fico, la ni\u00f1a que pone a fumar sus mu\u00f1ecas porque lo ve en la televisi\u00f3n, el grupo de consumidores que denuncia el consumo de los m\u00e9dicos que los atienden, la indiferencia como \u00fanico regalo a los consumidores de hero\u00edna, el futuro de las drogas en unas sociedad dist\u00f3pica recreada en los ca\u00f1os de Bogot\u00e1, la representaci\u00f3n de las peores atrocidades del Bronx, la cr\u00edtica punkera a la polic\u00eda por sus abusos a los consumidores, el placer y la felicidad de un viaje de psicod\u00e9licos, la sensualidad de la marihuana, la guerra contra las drogas, mi mam\u00e1 las pepas y yo.<\/p>\n<p>La historia de un mono que es ejemplifica el s\u00edndrome de abstinencia, el mal viaje de un consumo de \u00e9xtasis, la resistencia de los fumadores de cannabis al estigma, la criminalizaci\u00f3n y la persecuci\u00f3n, la liana de los dioses, los enfoques m\u00e1s progresistas que combaten la guerra contra las drogas, la reconciliaci\u00f3n de dos amigos con un cuarto de brownie, los trucos de los consumidores responsables, el frasco peque\u00f1o, \u201cEl Palacio Rosado\u201d, \u201cEl Tercer ojo\u201d y \u201cQu\u00e9 hay de Greca\u201d son solo algunos de las historias y cortos que ver\u00e1n en esta selecci\u00f3n oficial. \u00a0Adem\u00e1s como tema especial estar\u00e1 el tabaco y la nicotina en mundo que cada vez fuma menos y vaporiza y calienta m\u00e1s, el tabaco como planta ancestral, curativa y la nicotina como una sustancia estimulante antideprresiva que genera placer.<\/p>\n<p><em><u>Guerra contra las drogas \u00bfEl regreso del glifosato?:<\/u><\/em><\/p>\n<p>\u00bfQu\u00e9 se viene para nuestras comunidades campesinas e ind\u00edgenas con el retorno del glifosato?, \u00bfHasta cu\u00e1ndo los gobiernos ser\u00e1n consientes del da\u00f1o ambiental y humano que trae la aspersi\u00f3n de este veneno?, \u00bfC\u00f3mo narrar los estragos sociales y culturales?, \u00bfQu\u00e9 tipo de realizaciones se requieren para visibilizar y superar la estigmatizaci\u00f3n, violencia, pol\u00edticas represoras, erradicaci\u00f3n de cultivos, y descriminalizaci\u00f3n del consumo?, \u00bfCu\u00e1ndo empezaremos hablar de legalizaci\u00f3n y regulaci\u00f3n?<\/p>\n<p><strong><em><u>Invitados:<\/u><\/em><\/strong>Rodrigo Uprimny (De Justicia), Pedro Arenas (OCCDI) y Nicol\u00e1s Hurtado FARC. Modera Juli\u00e1n Quintero. (ATS)<\/p>\n<p>&nbsp;<\/p>\n<p><em><u>Cine y Drogas: La influencia de las drogas en la construcci\u00f3n de narrativas audiovisuales. \u00bfInspiraci\u00f3n o destrucci\u00f3n?<\/u><\/em><\/p>\n<p>Las drogas han estado presentes en la producci\u00f3n audiovisual no solo en sus narrativas, sino tambi\u00e9n en su creaci\u00f3n y realizaci\u00f3n. Venimos superando las narco-narrativas para hablar de manera m\u00e1s trascendental y entretenida de las drogas en la vida de los seres humanos. Queremos saber en qu\u00e9 momento el uso de drogas en la producci\u00f3n audiovisual pasa de ser un veh\u00edculo de inspiraci\u00f3n (ya sea contando la historia o usando las sustancias) para convertirse en un punto de destrucci\u00f3n y decadencia tanto en las historias que contamos, como en la vida de los realizadores.<\/p>\n<p><strong><em><u>Invitados: <\/u><\/em><\/strong>Luis Ospina (Director de Cine), Juan Sebastian Mesa (Los Nadie), Carlos Osuna (Sin Mover los labios). Modera Armando Russi. (Docente UNAL\/ENACC)<\/p>\n<p>&nbsp;<\/p>\n<p><em><u>Techno-log\u00edas y drogas: MDMA del Rave a la Terapia.<\/u><\/em><\/p>\n<p>El Rave y la fiesta electr\u00f3nica, ese universo aut\u00f3nomo y heterog\u00e9neo de expresiones y practicas socioculturales alrededor de la m\u00fasica, las \u00faltimas tecnolog\u00edas, las Nuevas Sustancias Psicoactivas -NPS- y los nuevos marcos de placer y convivencia. Tanto en el underground como en el mainstream, el \u00c9xtasis \u2013 MDMA ha sido fundamental en pulir la identidad de la cultura electr\u00f3nica, pero ahora salta a las terapias gracias a sus propiedades arm\u00f3nicas, empat\u00f3genas y estimulantes, que la gente de la fiesta conoce hace d\u00e9cadas. Hablaremos de este salto de la fiesta a la terapia.<\/p>\n<p><strong><em><u>Invitados:<\/u><\/em><\/strong>Juan Sebastian Vargas (Aka Sebass), Julio Correal (Empresario), Julien Nicoud (Terapeuta), Lola Sauloy (Productora y DJ) \u00a0Modera Vannesa Morris (Directora \u00c9chele Cabeza)<\/p>\n<p>&nbsp;<\/p>\n<p>Contacto<\/p>\n<p>&nbsp;<\/p>\n<p>Julian Quintero<\/p>\n<p>Prensa<\/p>\n<p>Cel: \u00a03103307504<\/p>\n<p>&nbsp;<\/p>\n<p>Vannesa Morris<\/p>\n<p>Directora del Festival<\/p>\n<p>Cel: 3133192527[\/vc_column_text][\/vc_column][\/vc_row]<\/p>\n","protected":false},"excerpt":{"rendered":"<p>Encuentre aqu\u00ed la programaci\u00f3n oficial, el catalogo de obras seleccionadas, la boleter\u00eda, los conversatorios con expertos en producci\u00f3n audiovisual y drogas. <\/p>\n","protected":false},"author":3,"featured_media":5373,"comment_status":"closed","ping_status":"closed","sticky":false,"template":"","format":"standard","meta":{"site-sidebar-layout":"default","site-content-layout":"","ast-site-content-layout":"default","site-content-style":"default","site-sidebar-style":"default","ast-global-header-display":"","ast-banner-title-visibility":"","ast-main-header-display":"","ast-hfb-above-header-display":"","ast-hfb-below-header-display":"","ast-hfb-mobile-header-display":"","site-post-title":"","ast-breadcrumbs-content":"","ast-featured-img":"","footer-sml-layout":"","theme-transparent-header-meta":"default","adv-header-id-meta":"","stick-header-meta":"","header-above-stick-meta":"","header-main-stick-meta":"","header-below-stick-meta":"","astra-migrate-meta-layouts":"set","ast-page-background-enabled":"default","ast-page-background-meta":{"desktop":{"background-color":"var(--ast-global-color-4)","background-image":"","background-repeat":"repeat","background-position":"center center","background-size":"auto","background-attachment":"scroll","background-type":"","background-media":"","overlay-type":"","overlay-color":"","overlay-opacity":"","overlay-gradient":""},"tablet":{"background-color":"","background-image":"","background-repeat":"repeat","background-position":"center center","background-size":"auto","background-attachment":"scroll","background-type":"","background-media":"","overlay-type":"","overlay-color":"","overlay-opacity":"","overlay-gradient":""},"mobile":{"background-color":"","background-image":"","background-repeat":"repeat","background-position":"center center","background-size":"auto","background-attachment":"scroll","background-type":"","background-media":"","overlay-type":"","overlay-color":"","overlay-opacity":"","overlay-gradient":""}},"ast-content-background-meta":{"desktop":{"background-color":"var(--ast-global-color-5)","background-image":"","background-repeat":"repeat","background-position":"center center","background-size":"auto","background-attachment":"scroll","background-type":"","background-media":"","overlay-type":"","overlay-color":"","overlay-opacity":"","overlay-gradient":""},"tablet":{"background-color":"var(--ast-global-color-5)","background-image":"","background-repeat":"repeat","background-position":"center center","background-size":"auto","background-attachment":"scroll","background-type":"","background-media":"","overlay-type":"","overlay-color":"","overlay-opacity":"","overlay-gradient":""},"mobile":{"background-color":"var(--ast-global-color-5)","background-image":"","background-repeat":"repeat","background-position":"center center","background-size":"auto","background-attachment":"scroll","background-type":"","background-media":"","overlay-type":"","overlay-color":"","overlay-opacity":"","overlay-gradient":""}},"footnotes":""},"categories":[1],"tags":[],"class_list":["post-4521","post","type-post","status-publish","format-standard","has-post-thumbnail","hentry","category-publicaciones"],"_links":{"self":[{"href":"https:\/\/www.echelecabeza.com\/wp-json\/wp\/v2\/posts\/4521","targetHints":{"allow":["GET"]}}],"collection":[{"href":"https:\/\/www.echelecabeza.com\/wp-json\/wp\/v2\/posts"}],"about":[{"href":"https:\/\/www.echelecabeza.com\/wp-json\/wp\/v2\/types\/post"}],"author":[{"embeddable":true,"href":"https:\/\/www.echelecabeza.com\/wp-json\/wp\/v2\/users\/3"}],"replies":[{"embeddable":true,"href":"https:\/\/www.echelecabeza.com\/wp-json\/wp\/v2\/comments?post=4521"}],"version-history":[{"count":2,"href":"https:\/\/www.echelecabeza.com\/wp-json\/wp\/v2\/posts\/4521\/revisions"}],"predecessor-version":[{"id":5738,"href":"https:\/\/www.echelecabeza.com\/wp-json\/wp\/v2\/posts\/4521\/revisions\/5738"}],"wp:featuredmedia":[{"embeddable":true,"href":"https:\/\/www.echelecabeza.com\/wp-json\/wp\/v2\/media\/5373"}],"wp:attachment":[{"href":"https:\/\/www.echelecabeza.com\/wp-json\/wp\/v2\/media?parent=4521"}],"wp:term":[{"taxonomy":"category","embeddable":true,"href":"https:\/\/www.echelecabeza.com\/wp-json\/wp\/v2\/categories?post=4521"},{"taxonomy":"post_tag","embeddable":true,"href":"https:\/\/www.echelecabeza.com\/wp-json\/wp\/v2\/tags?post=4521"}],"curies":[{"name":"wp","href":"https:\/\/api.w.org\/{rel}","templated":true}]}}