{"id":4622,"date":"2020-03-16T17:35:37","date_gmt":"2020-03-16T17:35:37","guid":{"rendered":"https:\/\/www.echelecabeza.com\/?p=4622"},"modified":"2025-01-10T12:18:50","modified_gmt":"2025-01-10T12:18:50","slug":"la-mentira-de-la-proteccion-de-la-ninez-con-la-que-hasta-hoy-nos-venden-el-prohibicionismo","status":"publish","type":"post","link":"https:\/\/www.echelecabeza.com\/la-mentira-de-la-proteccion-de-la-ninez-con-la-que-hasta-hoy-nos-venden-el-prohibicionismo\/","title":{"rendered":"LA MENTIRA DE LA PROTECCI\u00d3N DE LA NI\u00d1EZ CON LA QUE HASTA HOY NOS VENDEN EL PROHIBICIONISMO"},"content":{"rendered":"<p style=\"text-align: right;\"><strong>Gina D\u00edaz.\u00a0<\/strong><strong>Trabajadora Social- Especialista en Gobierno, V<\/strong><strong>oluntaria \u00a0\u00c9chele Cabeza<\/strong><\/p>\n<p><strong>Claves para entender las afectaciones del prohibicionismo en la ni\u00f1ez y adolescencia<\/strong><\/p>\n<p><em>La protecci\u00f3n integral de ni\u00f1os, ni\u00f1as y adolescentes ante el consumo de drogas ha sido uno de los principales argumentos para defender el prohibicionismo. Actualmente debe ser este mismo un elemento clave para demostrar el fracaso de la pol\u00edtica de guerra contra las drogas, evidenciando que a partir de su implementaci\u00f3n no s\u00f3lo se ha incrementado el consumo de SPA legales e ilegales en adolescentes, sino tambi\u00e9n las violaciones a los derechos humanos en esta poblaci\u00f3n.<\/em><\/p>\n<p>Guardar y proteger a la ni\u00f1ez del \u201cflagelo\u201d de las drogas, ha sido una de las principales banderas que ha impulsado desde hace m\u00e1s de 60 a\u00f1os la \u201cpol\u00edtica de la guerra contra las drogas\u201d. Este discurso se ha mantenido desde entonces en muchos de los partidos pol\u00edticos, al igual que en varias posturas institucionales en los pa\u00edses de la regi\u00f3n, centr\u00e1ndose en la necesidad de \u201csalvar\u201d a las nuevas generaciones de \u201ccaer\u201d en el mundo de las drogas, justificando as\u00ed el enfoque punitivo, la estigmatizaci\u00f3n, la persecuci\u00f3n, el encarcelamiento, entre otras, como mecanismos recurrentes para proteger a ni\u00f1as, ni\u00f1os y adolescentes. Todas estas y otras acciones han ocasionado m\u00faltiples consecuencias negativas, algunas de estas han sido reconocidas por la oficina de las Naciones Unidas contra la Droga y el Delito<a name=\"_ftnref1\"><\/a>[1]. Sin embargo, estos impactos negativos y los resultados no se han discutido lo suficiente como para impulsar una reforma a las actuales pol\u00edticas de drogas con un foco especial en la ni\u00f1ez y adolescencia.<\/p>\n<p>Es por eso que siguiendo los argumentos del documento \u201cLa guerra contra las drogas: Amenazando a los j\u00f3venes en lugar de protegerlos\u201d<a name=\"_ftnref2\"><\/a>[2]expongo algunas consideraciones a partir del caso colombiano y con base en mi experiencia de trabajo, espec\u00edficamente en los \u00faltimos dos a\u00f1os como referente t\u00e9cnico de prevenci\u00f3n del consumo de SPA ,que demuestran que la \u201cGuerra contra las drogas\u201d no s\u00f3lo ha fracasado en su objetivo de proteger a la ni\u00f1ez y adolescencia, evitando el consumo de SPA, sino que\u00a0 su vez ha ocasionado la vulneraci\u00f3n de los derechos humanos de esta poblaci\u00f3n.<\/p>\n<p><strong>\u00bfQu\u00e9 dicen los estudios?<\/strong><\/p>\n<p>En Colombia se han realizado tres estudios nacionales de consumo de SPA en poblaci\u00f3n escolar en los a\u00f1os 2004, 2011 y 2016<a name=\"_ftnref3\"><\/a>[3].<\/p>\n<p>De este \u00faltimo se desatacan los siguientes elementos para contextualizar la situaci\u00f3n:<\/p>\n<ul>\n<li>La edad promedio de inicio de consumo de SPA legales e ilegales son los 13 a\u00f1os.<\/li>\n<li>La marihuana es la sustancia il\u00edcita m\u00e1s usada entre los escolares colombianos con un 8% en 2016, aumentando en relaci\u00f3n con el 5.2% en 2013.<\/li>\n<li>El consumo de alcohol es el m\u00e1s generalizado, con un 20% de consumo en estudiantes de 11 y 12 a\u00f1os, 43% entre los estudiantes de 13 y 15 a\u00f1os, y 58.16% en el grupo de 16 a 18 a\u00f1os.<\/li>\n<li>Emergen y aumentan consumos en contextos rurales.<\/li>\n<li>Despu\u00e9s de la marihuana, los inhalables (Popper), la coca\u00edna y los tranquilizantes sin prescripci\u00f3n m\u00e9dica, son las sustancias de mayor prevalencia de uso.<\/li>\n<li>El 70,2% de los estudiantes consideran f\u00e1cil comprar alcohol a pesar de la prohibici\u00f3n de la venta a menores de edad.<\/li>\n<\/ul>\n<p>A este panorama de consumo en adolescentes y j\u00f3venes, se suman las diversas violaciones a los derechos a los que han sido y son sometidos.<\/p>\n<p><strong>La discusi\u00f3n sobre el uso del Glifosato<\/strong><\/p>\n<p>Desde el a\u00f1o 2006 el Comit\u00e9 de Derechos de la Infancia, alertaba sobre los da\u00f1os ocasionados por la aspersi\u00f3n a\u00e9rea con glifosato en zonas con presencia de cultivos de coca, entre las que se destacan: afectaci\u00f3n a las fuentes h\u00eddricas de las que se abastece la poblaci\u00f3n; amenaza a la salud especialmente a ni\u00f1as, ni\u00f1os y adolescentes; afectaci\u00f3n a los cultivos de pancoger, y por ende a la seguridad alimentaria de las familias, en detrimento del desarrollo integral de la ni\u00f1ez y adolescencia. Actualmente, el gobierno colombiano est\u00e1 contemplando volver a este m\u00e9todo de erradicaci\u00f3n en los departamentos con mayor presencia de cultivos de uso il\u00edcito, obviando la advertencia que desde el 2015 hizo la Agencia Internacional para la Investigaci\u00f3n del C\u00e1ncer (IARC) -parte de la Organizaci\u00f3n Mundial de la Salud (OMS)- y adoptada por el Ministerio de Salud donde se clasific\u00f3 el glifosato como un producto probablemente cancer\u00edgeno, recomendando la suspensi\u00f3n de este producto en las fumigaciones a\u00e9reas para erradicar cultivos il\u00edcitos.<\/p>\n<p><strong>Casi nula participaci\u00f3n de la ni\u00f1ez y adolescencia en la formulaci\u00f3n de pol\u00edticas de drogas. <\/strong><\/p>\n<p>Son casi nulas las acciones de promoci\u00f3n de la participaci\u00f3n o cualificaci\u00f3n de liderazgos para la ni\u00f1ez y adolescencia en estos temas. En el pa\u00eds no existe actualmente ning\u00fan escenario formal para consultar a los adolescentes sobre las pol\u00edticas de drogas, indicando que, en este tema en particular, no son percibidos como sujetos titulares de derechos que puedan opinar sobre las acciones que recaen sobre ellos.<\/p>\n<p><strong>Requisas y registros en instituciones educativas<\/strong><\/p>\n<p>Teniendo en cuenta el incremento del consumo en instituciones educativas, una de las estrategias que se ha popularizado en los colegios tiene que ver con las requisas y registros de las pertenencias y de las y los estudiantes, para evitar el porte de cualquier \u201cdroga\u201d. Estas requisas se hacen por parte de la Polic\u00eda Nacional, en algunos casos con perros detectores de drogas, consider\u00e1ndolas como acciones de prevenci\u00f3n del consumo. Estas medidas atentan contra la protecci\u00f3n integral de ni\u00f1as, ni\u00f1os y adolescentes que establece la Ley 1098 del 2006, pues va en detrimento del derecho a la intimidad y la dignidad humana, ya que suponen la exposici\u00f3n de su cuerpo.<a name=\"_ftnref4\"><\/a>[4]<\/p>\n<p><strong>Impacto en ni\u00f1ez y adolescencia con padres y madres encarcelados por delitos de drogas<\/strong><\/p>\n<p>En el \u201c<em>Estudio Regional, Ni\u00f1ez que cuenta: el impacto de las pol\u00edticas de drogas sobre ni\u00f1os, ni\u00f1as y adolescentes con madres y padres encarceladosen Am\u00e9rica Latina y el Caribe<\/em>\u201d (CWS, 2019), se demuestra que existen diversos tipos de afectaciones a esta poblaci\u00f3n, entre las que se destacan las de tipo psicol\u00f3gico,\u00a0 ruptura de las relaciones y los v\u00ednculos entre padres e hijos, dificultades econ\u00f3micas, y la exposici\u00f3n a m\u00e1s factores de riesgo que pueden conllevar a la vulneraci\u00f3n generalizada de derechos de ni\u00f1os y adolescentes que se han separado de alguno de sus progenitores.<\/p>\n<p><strong>Desinformaci\u00f3n y mayores riesgos para adolescentes y j\u00f3venes<\/strong><\/p>\n<p>La fata de educaci\u00f3n e informaci\u00f3n impide hablar de consumo de sustancias, siendo a\u00fan un tema \u201ctab\u00fa\u201d que lo convierte en un mayor factor de riesgo. A finales del a\u00f1o 2019, se registr\u00f3 un caso de intoxicaci\u00f3n en un grupo de j\u00f3venes de primer grado de secundaria, quienes mezclaron alcohol et\u00edlico, thinner y polvo saborizante; varios de ellos tuvieron lesiones severas en el h\u00edgado y otros afectaciones graves y permanentes a su visi\u00f3n<a name=\"_ftnref5\"><\/a>[5].<\/p>\n<p><strong>Estigmatizaci\u00f3n, maltrato y muerte<\/strong><\/p>\n<p>Se han reportado casos en los cuales, por situaciones de consumo de SPA ilegales en adolescentes, \u00e9stos han sido expulsados de las instituciones educativas, recibiendo maltrato y estigmatizaci\u00f3n por parte de compa\u00f1eros, docentes y directivos de los colegios. As\u00ed mismo, al interior de las familias los castigos van desde las palabras hirientes, maltrato f\u00edsico, castigos desproporcionados, hasta la expulsi\u00f3n de los hogares.<\/p>\n<p>En varios departamentos del pa\u00eds de manera social tambi\u00e9n recae un fuerte estigma que ha ocasionado desde la discriminaci\u00f3n, el desplazamiento, hasta las amenazas y asesinatos de adolescentes por consumo de spa ilegales, por parte de grupos armados organizados (GAO).<\/p>\n<p><strong>Falta de acceso a tratamientos <\/strong><\/p>\n<p><strong>\u00a0<\/strong>A pesar de contar con la Ley 1576 de 2012, que plantea que el estado debe responder al consumo de SPA como un tema salud p\u00fablica y que se\u00f1ala la prioridad en ni\u00f1ez y adolescencia, persiste la falta de acceso y pertinencia de tratamientos. En varios municipios ni siquiera se cuenta con oferta o profesionales para tratar consumos problem\u00e1ticos en adolescentes. La situaci\u00f3n se recrudece cuando se trata de grupos m\u00e1s vulnerables, como son, por ejemplo, la ni\u00f1ez y adolescencia ind\u00edgena. Se conocen casos de consumos problem\u00e1ticos en adolescentes de comunidades ind\u00edgenas, que lejos de contar con un tratamiento adecuado y respetuoso de sus usos y costumbres, son sacados de sus comunidades, trasladados de un departamento a otro, rompiendo de manera irreversible con sus v\u00ednculos identitarios, as\u00ed como desconociendo el enfoque diferencial que deber\u00eda existir para este tipo de poblaciones.<\/p>\n<p><strong>Falta de discusi\u00f3n, debate e investigaci\u00f3n<\/strong><\/p>\n<p>En temas relacionados con consumos problem\u00e1ticos en adolescentes y j\u00f3venes, acceso a tratamientos alternativos, sustituci\u00f3n de metadona o material higi\u00e9nico para de hero\u00edna, y prevenci\u00f3n indicada para la disminuci\u00f3n de riesgos y da\u00f1os en poblaciones de adolescentes que est\u00e1n institucionalizados o que son parte del sistema de responsabilidad penal adolescente.<\/p>\n<p>Me atrever\u00eda a pensar que este panorama que planteo contin\u00faa sucediendo en la actualidad no solo en Colombia, sino que se trata de una realidad recurrente en adolescentes y j\u00f3venes de la regi\u00f3n. \u00a0Sobre todo, en los pa\u00edses que le siguen apostando a la \u201cguerra contra las drogas\u201d invirtiendo la mayor parte de su presupuesto en persecuci\u00f3n, erradicaci\u00f3n e interdicci\u00f3n, y una m\u00ednima parte en prevenci\u00f3n y atenci\u00f3n del consumo de SPA en esta poblaci\u00f3n.<\/p>\n<p><strong>A manera de conclusi\u00f3n\u2026<\/strong><\/p>\n<p>Se propone avanzar en algunos puntos clave. Lo primero es dejar de instrumentalizar a ni\u00f1os, ni\u00f1as y adolescentes para favorecer pol\u00edticas y acciones que realmente van en contrav\u00eda de sus derechos. Dejar los discursos moralistas, que sin evidencias generan acciones con da\u00f1o.<\/p>\n<p>Lo segundo es promover la investigaci\u00f3n de situaciones particulares en esta poblaci\u00f3n, as\u00ed como la evaluaci\u00f3n de los impactos de las pol\u00edticas y programas actuales. Elevar el debate y promover la reforma de pol\u00edticas p\u00fablicas, con el fin de desarrollar estrategias y acciones en prevenci\u00f3n y atenci\u00f3n del consumo de SPA con enfoque diferencial, territorial y basadas en la evidencia.<\/p>\n<p>Es urgente replantear acciones de car\u00e1cter pedag\u00f3gico que superen el enfoque punitivo imperante. Promover el pensamiento cr\u00edtico y las habilidades para la vida, en un mundo donde las SPA no van a desaparecer de ninguno de los entornos de la ni\u00f1ez y adolescencia, por eso la clave est\u00e1 en la pedagog\u00eda y la\u00a0 educaci\u00f3n involucrando a todos los actores de la sociedad y comunidad.<\/p>\n<p>Finalmente, se hace necesario que en materia de salud los ni\u00f1os, ni\u00f1as y adolescentes puedan realmente acceder a tratamientos integrales y respetuosos de los derechos humanos de manera oportuna.<\/p>\n<p>Tambi\u00e9n reconocer las realidades en algunos territorios y plantear el desarrollo de tratamientos alternativos para consumos problem\u00e1ticos en poblaciones institucionalizadas o del sistema de responsabilidad penal adolescente, en situaci\u00f3n de vida en calle, o pertenecientes a grupos \u00e9tnicos.<\/p>\n<p><a name=\"_ftn1\"><\/a>[1]Tomado de World Drug Report 2008. Recuperado de: http:\/\/wwwunodcorg\/documents\/wdr\/WDR_2008\/ WDR_2008_eng_web.pdf.<\/p>\n<p><a name=\"_ftn2\"><\/a>[2]Tomado de: De Count the costof the war on drugs. <a href=\"http:\/\/www.countthecost.org\/\" target=\"_blank\" rel=\"noopener\">www.countthecost.org<\/a>. Recuperado de : <a href=\"https:\/\/www.mucd.org.mx\/wp-content\/uploads\/2017\/10\/Guerra-drogas-amenazando-a-los-jovenes.pdf)\" target=\"_blank\" rel=\"noopener\">https:\/\/www.mucd.org.mx\/wp-content\/uploads\/2017\/10\/Guerra-drogas-amenazando-a-los-jovenes.pdf)<\/a><\/p>\n<p><a name=\"_ftn3\"><\/a>[3]Estudio Nacional de Consumo de Sustancias Psicoativas 2004, 2011 y 2016. Recuperado de: <a href=\"http:\/\/www.odc.gov.co\/PUBLICACIONES\/ArtMID\/4214\/ArticleID\/6067\/Estudio-Nacional-de-Consumo-de-Sustancias-Psicoactivas-en-Poblaci243n-Escolar-Colombia-2016\" target=\"_blank\" rel=\"noopener\">http:\/\/www.odc.gov.co\/PUBLICACIONES\/ArtMID\/4214\/ArticleID\/6067\/Estudio-Nacional-de-Consumo-de-Sustancias-Psicoactivas-en-Poblaci243n-Escolar-Colombia-2016<\/a><\/p>\n<p><a name=\"_ftn4\"><\/a>[4]Insumo respuesta a solicitud de orientaci\u00f3n para la \u201cConstrucci\u00f3n de lineamiento o procedimiento relacionado con el tema de registro a ni\u00f1os, ni\u00f1as y adolescentes en el marco de la implementaci\u00f3n de la Ley 1620 de 2013 y sus Decretos Reglamentarios\u201d \u2013 Radicado S- 2018-149879 -1100 ICBF.<\/p>\n<p><a name=\"_ftn5\"><\/a>[5]Tomado de Blu Radio.com (2019). Recuperado de: <a href=\"https:\/\/www.bluradio.com\/nacion\/mezcla-de-alcohol-y-tiner-deja-en-delicado-estado-de-salud-siete-jovenes-en-ubate-226851-ie6223584\" target=\"_blank\" rel=\"noopener\">https:\/\/www.bluradio.com\/nacion\/mezcla-de-alcohol-y-tiner-deja-en-delicado-estado-de-salud-siete-jovenes-en-ubate-226851-ie6223584<\/a><\/p>\n<p>[\/vc_column_text][\/vc_column][\/vc_row]<\/p>\n","protected":false},"excerpt":{"rendered":"<p>La protecci\u00f3n integral de ni\u00f1os, ni\u00f1as y adolescentes ante el consumo de drogas ha sido uno de los principales argumentos para defender el prohibicionismo. Actualmente debe ser este mismo un elemento clave para demostrar el fracaso de la pol\u00edtica de guerra contra las drogas, evidenciando que a partir de su implementaci\u00f3n no s\u00f3lo se ha incrementado el consumo de SPA legales e ilegales en adolescentes, sino tambi\u00e9n las violaciones a los derechos humanos en esta poblaci\u00f3n.<\/p>\n","protected":false},"author":3,"featured_media":5356,"comment_status":"closed","ping_status":"closed","sticky":false,"template":"","format":"standard","meta":{"site-sidebar-layout":"default","site-content-layout":"","ast-site-content-layout":"default","site-content-style":"default","site-sidebar-style":"default","ast-global-header-display":"","ast-banner-title-visibility":"","ast-main-header-display":"","ast-hfb-above-header-display":"","ast-hfb-below-header-display":"","ast-hfb-mobile-header-display":"","site-post-title":"","ast-breadcrumbs-content":"","ast-featured-img":"","footer-sml-layout":"","theme-transparent-header-meta":"default","adv-header-id-meta":"","stick-header-meta":"","header-above-stick-meta":"","header-main-stick-meta":"","header-below-stick-meta":"","astra-migrate-meta-layouts":"set","ast-page-background-enabled":"default","ast-page-background-meta":{"desktop":{"background-color":"var(--ast-global-color-4)","background-image":"","background-repeat":"repeat","background-position":"center center","background-size":"auto","background-attachment":"scroll","background-type":"","background-media":"","overlay-type":"","overlay-color":"","overlay-opacity":"","overlay-gradient":""},"tablet":{"background-color":"","background-image":"","background-repeat":"repeat","background-position":"center center","background-size":"auto","background-attachment":"scroll","background-type":"","background-media":"","overlay-type":"","overlay-color":"","overlay-opacity":"","overlay-gradient":""},"mobile":{"background-color":"","background-image":"","background-repeat":"repeat","background-position":"center center","background-size":"auto","background-attachment":"scroll","background-type":"","background-media":"","overlay-type":"","overlay-color":"","overlay-opacity":"","overlay-gradient":""}},"ast-content-background-meta":{"desktop":{"background-color":"var(--ast-global-color-5)","background-image":"","background-repeat":"repeat","background-position":"center center","background-size":"auto","background-attachment":"scroll","background-type":"","background-media":"","overlay-type":"","overlay-color":"","overlay-opacity":"","overlay-gradient":""},"tablet":{"background-color":"var(--ast-global-color-5)","background-image":"","background-repeat":"repeat","background-position":"center center","background-size":"auto","background-attachment":"scroll","background-type":"","background-media":"","overlay-type":"","overlay-color":"","overlay-opacity":"","overlay-gradient":""},"mobile":{"background-color":"var(--ast-global-color-5)","background-image":"","background-repeat":"repeat","background-position":"center center","background-size":"auto","background-attachment":"scroll","background-type":"","background-media":"","overlay-type":"","overlay-color":"","overlay-opacity":"","overlay-gradient":""}},"footnotes":""},"categories":[1],"tags":[],"class_list":["post-4622","post","type-post","status-publish","format-standard","has-post-thumbnail","hentry","category-publicaciones"],"_links":{"self":[{"href":"https:\/\/www.echelecabeza.com\/wp-json\/wp\/v2\/posts\/4622","targetHints":{"allow":["GET"]}}],"collection":[{"href":"https:\/\/www.echelecabeza.com\/wp-json\/wp\/v2\/posts"}],"about":[{"href":"https:\/\/www.echelecabeza.com\/wp-json\/wp\/v2\/types\/post"}],"author":[{"embeddable":true,"href":"https:\/\/www.echelecabeza.com\/wp-json\/wp\/v2\/users\/3"}],"replies":[{"embeddable":true,"href":"https:\/\/www.echelecabeza.com\/wp-json\/wp\/v2\/comments?post=4622"}],"version-history":[{"count":2,"href":"https:\/\/www.echelecabeza.com\/wp-json\/wp\/v2\/posts\/4622\/revisions"}],"predecessor-version":[{"id":5731,"href":"https:\/\/www.echelecabeza.com\/wp-json\/wp\/v2\/posts\/4622\/revisions\/5731"}],"wp:featuredmedia":[{"embeddable":true,"href":"https:\/\/www.echelecabeza.com\/wp-json\/wp\/v2\/media\/5356"}],"wp:attachment":[{"href":"https:\/\/www.echelecabeza.com\/wp-json\/wp\/v2\/media?parent=4622"}],"wp:term":[{"taxonomy":"category","embeddable":true,"href":"https:\/\/www.echelecabeza.com\/wp-json\/wp\/v2\/categories?post=4622"},{"taxonomy":"post_tag","embeddable":true,"href":"https:\/\/www.echelecabeza.com\/wp-json\/wp\/v2\/tags?post=4622"}],"curies":[{"name":"wp","href":"https:\/\/api.w.org\/{rel}","templated":true}]}}