{"id":4652,"date":"2020-03-23T19:55:07","date_gmt":"2020-03-23T19:55:07","guid":{"rendered":"https:\/\/www.echelecabeza.com\/?p=4652"},"modified":"2025-01-10T12:17:52","modified_gmt":"2025-01-10T12:17:52","slug":"que-ha-pasado-con-la-politica-de-drogas-en-bogota","status":"publish","type":"post","link":"https:\/\/www.echelecabeza.com\/que-ha-pasado-con-la-politica-de-drogas-en-bogota\/","title":{"rendered":"\u00bfQU\u00c9 HA PASADO CON LA POL\u00cdTICA DE DROGAS EN BOGOT\u00c1?"},"content":{"rendered":"<p style=\"text-align: right;\"><em>Juan Pablo Olmos<br \/>\n<\/em><em>Historiador &#8211; Especialista en Gobierno, Voluntario \u00c9chele Cabeza<br \/>\n<\/em><em>Alejandra Medina<br \/>\n<\/em><em>Profesional en Gobierno &#8211; Magister en Responsabilidad Social, Voluntaria \u00c9chele Cabeza<\/em><\/p>\n<p>Bogot\u00e1 tiene una deuda con la pol\u00edtica p\u00fablica de Sustancias Psicoactivas y el enfoque de salud y derechos humanos, que a pesar de haber sido aprobada hace casi 10 a\u00f1os, a\u00fan poco o nada se ha avanzado. Para dar algunos indicadores que demuestran esto, pasamos de una edad inicial de consumo de marihuana de 17,7 a\u00f1os en 1996, a una edad inicial de consumo cercana a los 12 a\u00f1os en 2020.<\/p>\n<p>Una realidad de Bogot\u00e1 es que las sustancias psicoactivas se consumen en parques, bares, fiestas, casas; incluso se ha llegado a demostrar que hay consumo al interior de los establecimientos educativos. Seg\u00fan el Observatorio de Drogas de Colombia ODC se calcula que para el 2019 el 12,4 % de consumidores de marihuana la prob\u00f3 antes de cumplir 10 a\u00f1os<a href=\"#_ftn1\" name=\"_ftnref1\"><sup>[1]<\/sup><\/a>, lo que corrobora que la edad de inicio de consumo es la etapa escolar, y que muy al contrario de los deseado, la edad inicial de consumo ha disminuido.<\/p>\n<p>Desde el a\u00f1o 2011 Bogot\u00e1 aprob\u00f3 el Decreto 691, <em>Por medio del cual se adopta la Pol\u00edtica P\u00fablica de Prevenci\u00f3n y Atenci\u00f3n del Consumo y la Prevenci\u00f3n de la Vinculaci\u00f3n a la Oferta de Sustancias Psicoactivas en Bogot\u00e1, D.C<\/em>, que proyect\u00f3 lograr en el a\u00f1o 2021 el reconocimiento de las m\u00faltiples manifestaciones del fen\u00f3meno y la diversidad poblacional y cultural que caracteriza al Distrito Capital, y detall\u00f3 que corresponde a todas las entidades del Distrito Capital la implementaci\u00f3n de la Pol\u00edtica P\u00fablica, donde se incluye generar estrategias enfocadas a la reducci\u00f3n de riesgos y da\u00f1os individuales, familiares, comunitarios y sociales como alternativa viable y exitosa para intervenir entornos de consumo (Decreto 691 de 2011. Art\u00edculo 13).<\/p>\n<p>Sin embargo, parece que \u00e9sta pol\u00edtica p\u00fablica fue un saludo a la bandera, o quiz\u00e1s un requisito para mostrar que Bogot\u00e1 estaba \u201ctrabajando\u201d por reducir el consumo y tr\u00e1fico de estupefacientes, pero acert\u00f3 en sus estrategias, o simplemente no se cumplieron, por falta de voluntad pol\u00edtica o desinter\u00e9s de los gobernantes de turno.<\/p>\n<p>&nbsp;<\/p>\n<p><strong>\u00bfY qu\u00e9 propone Claudia L\u00f3pez en temas de drogas?<\/strong><\/p>\n<p>A inicios del mes de marzo de 2020 la Alcaldesa de Bogot\u00e1, Claudia L\u00f3pez, present\u00f3 el borrador del Plan Distrital de Desarrollo PDD 2020 &#8211; 2023, denominado UN NUEVO CONTRATO SOCIAL Y AMBIENTAL PARA LA BOGOT\u00c1 DEL SIGLO XXI<a href=\"#_ftn2\" name=\"_ftnref2\"><sup>[2]<\/sup><\/a>, en el que se plasma el enfoque que tendr\u00e1 Bogot\u00e1 para el siguiente cuatrienio, y cabe preguntarse: \u00bfC\u00f3mo ser\u00e1 el enfoque en pol\u00edticas p\u00fablicas de drogas?<\/p>\n<p>La respuesta, luego de revisar el documento inicial del PDD, es que el enfoque seguir\u00e1 siendo el mismo de los \u00faltimos gobiernos: Desconocer la realidad del consumo, as\u00ed como el Decreto 691 de 2011; lo que significa ver a los usuarios de sustancias psicoactivas como enfermos o como delincuentes, ofreciendo como una opci\u00f3n internarse en tratamientos, o v\u00edas legales por infracci\u00f3n a la ley; es decir, enfocando las estrategias en los consumos problem\u00e1ticos o actividades il\u00edcitas. En efecto, desconoce que el consumo de drogas no responde solo a un problema de salud mental que no puede ser categorizada y \u201ctratada\u201d como una enfermedad.<\/p>\n<p>Si bien dentro del PDD 2020 &#8211; 2023 se contempla generar documentos de investigaci\u00f3n que permitan generar informaci\u00f3n sobre el consumo de Sustancias Psicoactivas en Bogot\u00e1, esto no significa destinar recursos para programas de reducci\u00f3n de riesgos y da\u00f1os por consumo de SPA ni generar estrategias para j\u00f3venes y colegios, m\u00e1s all\u00e1 de la prevenci\u00f3n, que como lo han demostrado los datos desde 1996, no ha sido efectiva.\u00a0 Es relevante la realizaci\u00f3n de diagn\u00f3sticos para as\u00ed conocer de manera m\u00e1s acertada la realidad de la ciudad respeto a SPA y tomar medidas m\u00e1s acertadas para abordar este asunto p\u00fablico; sin embargo, las metas del PDD le apuntan solo a lo primero, y no a lo segundo.<\/p>\n<p>En Bogot\u00e1 aumenta el consumo recreativo y en festivales, disminuye la edad inicial de consumo, var\u00edan las sustancias que se consumen, entre otras realidades; mientras los gobiernos de turno se niegan a reconocerlo, aceptarlo y generar estrategias para mitigarlo.<\/p>\n<p>&nbsp;<\/p>\n<p><strong>\u00bfQu\u00e9 debe contemplar la pol\u00edtica de drogas de Bogot\u00e1?<\/strong><\/p>\n<p>La pol\u00edtica de drogas debe incluir estos enfoques estrat\u00e9gicos m\u00ednimos:<\/p>\n<ol>\n<li>Un pilar de la pol\u00edtica debe ser la protecci\u00f3n a los derechos humanos: derecho a la vida, derecho a la salud y derecho a la libertad personal.<\/li>\n<li>Pol\u00edtica de atenci\u00f3n con enfoque de salud p\u00fablica: abordaje integral del consumo de drogas y no desde el supuesto de que \u00e9ste se asocia solo a un problema de salud mental.<\/li>\n<li>Inclusi\u00f3n de enfoques diferenciados de abordaje de acuerdo a tipos de consumos y grupos poblacionales: reducci\u00f3n de riesgo y da\u00f1o y prevenci\u00f3n.<\/li>\n<li>Destinar los recursos necesarios para la implementaci\u00f3n de la pol\u00edtica y de programas de reducci\u00f3n de riesgo y da\u00f1o.<\/li>\n<li>Incorporar el enfoque de g\u00e9nero en la pol\u00edtica de atenci\u00f3n al consumo de sustancias psicoactivas, dados los impactos de g\u00e9nero diferenciados.<\/li>\n<li>Establecer como eje transversal de la pol\u00edtica la evidencia cient\u00edfica y as\u00ed el abordaje de las sustancias seg\u00fan sus especificidades (tanto de legales como de ilegales).<\/li>\n<li>Establecer como eje transversal de la pol\u00edtica la producci\u00f3n de informaci\u00f3n s\u00f3lida y la generaci\u00f3n de datos para la toma de decisiones.<\/li>\n<li>Articulaci\u00f3n con organizaciones sociales y sociedad civil para implementar programas de prevenci\u00f3n y reducci\u00f3n de riesgos de consumo de sustancias psicoactivas en entornos comunitarios y escolares.<\/li>\n<li>Cambiar las estrategias de persecuci\u00f3n a los consumidores de sustancias\u00a0 psicoactivas legales e ilegales; promover estrategias de convivencia.<\/li>\n<li>Incentivar la innovaci\u00f3n social, la actualizaci\u00f3n en conocimientos,\u00a0 <a href=\"https:\/\/www.semana.com\/vida-moderna\/articulo\/llega-la-semana-psicoactiva-bogota\/431687-3\" target=\"_blank\" rel=\"noopener\">el intercambio de experiencias y la investigaci\u00f3n<\/a> como pol\u00edticas institucionales en materia de pol\u00edtica de drogas.<\/li>\n<\/ol>\n<p>&nbsp;<\/p>\n<p><strong>\u00bfC\u00f3mo se deber\u00eda enfocar la pol\u00edtica p\u00fablica de drogas de Bogot\u00e1?<\/strong><strong>\u00a0<\/strong><\/p>\n<p>Por lo anteriormente mencionado, y teniendo en cuenta que se debe actualizar el Decreto 691 de 2011, desde \u00c9chele Cabeza proponemos que los programas de la pol\u00edtica de drogas de Bogot\u00e1 deben contener m\u00ednimo estas 10 ejes de acci\u00f3n<a href=\"#_ftn3\" name=\"_ftnref3\"><sup>[3]<\/sup><\/a>:<\/p>\n<ol>\n<li>Incluir la atenci\u00f3n del consumo de sustancias psicoactivas en ambientes escolares, basado en informaci\u00f3n, prevenci\u00f3n y reducci\u00f3n de riesgos.<\/li>\n<li>Incluir proyectos de reducci\u00f3n de riesgos y da\u00f1os en los festivales p\u00fablicos masivos, festivales al parque, as\u00ed como en eventos musicales de conglomeraci\u00f3n alta.<\/li>\n<li>Incluir programas de atenci\u00f3n al consumo de drogas a ciudadanos habitantes de calle.<\/li>\n<li>Incluir Programas de extensi\u00f3n horaria en la rumba y programas de Consumo Responsable de Licor en zonas de rumba de Bogot\u00e1.<\/li>\n<li>Incluir programas de reducci\u00f3n de riesgo y da\u00f1o y acceso a material higi\u00e9nico de inyecci\u00f3n para personas que usan drogas inyectadas.<\/li>\n<li>Retomar y fortalecer los avances en materia de reducci\u00f3n de da\u00f1os y tratamientos alternativos para el consumo de basuco.<\/li>\n<li>Retomar los lineamientos para la creaci\u00f3n de las primeras salas de consumo supervisado o zonas de consumo regulado.<\/li>\n<li>Fortalecer el trabajo con organizaciones sociales para la implementaci\u00f3n de programas de prevenci\u00f3n y reducci\u00f3n de riesgos y da\u00f1os en Bogot\u00e1.<\/li>\n<li>Actualizar la pol\u00edtica p\u00fablica de drogas, con ejercicios de participaci\u00f3n ciudadana, que permitan orientar los programas y estrategias a las necesidades y realidades actuales.<\/li>\n<li>\u00a0Dise\u00f1ar estrategias de comunicaci\u00f3n masiva, con enfoque diferencial, orientadas a la prevenci\u00f3n y reducci\u00f3n de riesgos por consumo de sustancias psicoactivas.<\/li>\n<\/ol>\n<p>&nbsp;<\/p>\n<p><strong>\u00bfQu\u00e9 proponemos desde \u00c9chele Cabeza?<\/strong><\/p>\n<p>Desde \u00c9chele Cabeza hacemos un llamado e invitaci\u00f3n a todos los actores: entidades distritales, usuarios, familias y educadores, a asumir las responsabilidades sobre las sustancias psicoactivas y su informaci\u00f3n, a trav\u00e9s de:<\/p>\n<ul>\n<li><strong>Alcald\u00eda Mayor:<\/strong> Es necesario hacer una evaluaci\u00f3n del Decreto 691 de 2011, (\u00bfPor qu\u00e9 no se pudo implementar, qu\u00e9 dificultades encontraron, qu\u00e9 falt\u00f3, qu\u00e9 se logr\u00f3, qu\u00e9 se debe cambiar?).<\/li>\n<li><strong>Concejo de Bogot\u00e1:<\/strong> Es necesario revisar y actualizar la pol\u00edtica p\u00fablica de Sustancias Psicoactivas (Decreto 691 de 2011), y proponer una nueva pol\u00edtica p\u00fablica, realista, que permita abordar el tema durante la siguiente d\u00e9cada. El Concejo de Bogot\u00e1 deber\u00e1 llevar est\u00e1 discusi\u00f3n e incluir acciones concretas en el PDD 2020 &#8211; 2023, que permitan avanzar a la ciudad en el abordaje de este tema.<\/li>\n<li><strong>Entidades distritales:<\/strong> Es necesario activar programas y estrategias dirigidas a reducir los riesgos y da\u00f1os por consumo de SPA, haciendo \u00e9nfasis en salud y derechos humanos. Por ejemplo, es necesario incluir dentro de los festivales distritales estrategias orientadas a la informaci\u00f3n sobre SPA.<\/li>\n<li><strong>Usuarios de SPA: <\/strong>Es necesario generar movilizaci\u00f3n y presi\u00f3n ciudadana para que los enfoques de reducci\u00f3n de riesgos y da\u00f1os sean incluidos en las pol\u00edticas p\u00fablicas, para que proyectos como \u00c9chele Cabeza, entre otros, puedan tener mayor cobertura y alcance, permitiendo llegar a sectores y poblaciones vulnerables, con alternativas diferenciadas y sin estigmatizaci\u00f3n. En los meses de abril, mayo y junio la alcald\u00eda mayor dispondr\u00e1 de metodolog\u00edas virtuales y presenciales para priorizar necesidades en las localidades. Es necesario participar y solicitar que estrategias de reducci\u00f3n de riesgos y da\u00f1os sean incluidas. Los usuarios no son s\u00f3lo objeto de pol\u00edtica p\u00fablica, sino parte activa de la construcci\u00f3n de las estrategias que respondan a las necesidades en salud y en derechos humanos de la ciudadan\u00eda.<\/li>\n<li><strong>Colegios<\/strong>: Es necesario abordar desde edad escolar el tema de Sustancias Psicoactivas, sin moralismos ni negaci\u00f3n. Es inevitable que los y las estudiantes tengan contacto con las sustantivas, por lo que debemos trabajar en los valores y decisiones individuales, para retrasar las edades iniciales de consumo.<\/li>\n<li><strong>Familias:<\/strong> No debemos negar el momento de contacto y consumo de SPA, por lo que debemos trabajar en informarnos, hablar del tema con transparencia y tranquilidad, y tener presentes los diferentes tipos de consumo: Experimental, recreativo o problem\u00e1tico, para acertar en la forma de abordar el consumo a nivel intrafamiliar, con alternativas diferentes a la internaci\u00f3n en cl\u00ednicas, que en algunas ocasiones lo que hace es agravar el problema.<\/li>\n<\/ul>\n<p>Abordar el tema de consumo de Sustancias Psicoactivas es responsabilidad de todos y todas, as\u00ed que a informarnos y participar. Las pol\u00edticas p\u00fablicas sobre consumo de sustancias psicoactivas tienen impactos tanto a nivel individual como a nivel colectivo; por lo tanto mantener el enfoque que ha demostrado no tener resultados o no hacer nada nos cuesta mucho como sociedad.<\/p>\n<p>Estos impactos negativos se ven reflejados en el detrimento de los derechos humanos de los usuarios de sustancias -vida, salud, libertad- y el aumento en la estigmatizaci\u00f3n y la desinformaci\u00f3n sobre las drogas; como sociedad se pierde la oportunidad de implementar medidas costo &#8211; efectivas m\u00e1s eficientes, como la reducci\u00f3n de riesgo y da\u00f1os.<\/p>\n<p>Si bien la evidencia y la argumentaci\u00f3n ya est\u00e1 construida, ante esta situaci\u00f3n, es fundamental el papel de la sociedad civil para contribuir a disminuir el costo pol\u00edtico que representan estas medidas, a trav\u00e9s del trabajo con usuarios, con las comunidades y con la ciudadan\u00eda.<\/p>\n<p>La evidencia puede ser fortalecida y puede motivar el debate p\u00fablico y pol\u00edtico. As\u00ed mismo, es fundamental el rol de la sociedad civil en proponer, orientar y hacer seguimiento para que se inviertan, de una manera eficiente, los recursos p\u00fablicos de las pol\u00edticas y programas de drogas en Bogot\u00e1.<\/p>\n<p><strong>Textos incluidos en PDD 2020 &#8211; 2023 sobre Drogas en Bogot\u00e1:<\/strong><\/p>\n<p><img fetchpriority=\"high\" decoding=\"async\" class=\"size-full wp-image-4656 aligncenter\" src=\"https:\/\/www.echelecabeza.com\/wp-content\/uploads\/2020\/03\/Imagen-1.png\" alt=\"\" width=\"694\" height=\"254\" title=\"\"><\/p>\n<p>PDD \u201cUN NUEVO CONTRATO SOCIAL Y AMBIENTAL PARA LA BOGOT\u00c1 DEL SIGLO XXI\u201d &#8211; 2020 &#8211; 2023. P\u00e1gina 24.<\/p>\n<p><img decoding=\"async\" class=\"size-full wp-image-4658 aligncenter\" src=\"https:\/\/www.echelecabeza.com\/wp-content\/uploads\/2020\/03\/Imagen-2.png\" alt=\"\" width=\"755\" height=\"188\" title=\"\"><\/p>\n<p>PDD \u201cUN NUEVO CONTRATO SOCIAL Y AMBIENTAL PARA LA BOGOT\u00c1 DEL SIGLO XXI\u201d &#8211; 2020 &#8211; 2023. P\u00e1gina 41.<\/p>\n<p><a href=\"#_ftnref1\" name=\"_ftn1\"><sup>[1]<\/sup><\/a> <a href=\"https:\/\/www.eltiempo.com\/salud\/cifras-sobre-el-consumo-de-drogas-en-colombia-a-2019-334834\" target=\"_blank\" rel=\"noopener\">https:\/\/www.eltiempo.com\/salud\/cifras-sobre-el-consumo-de-drogas-en-colombia-a-2019-334834<\/a><\/p>\n<p><a href=\"#_ftnref2\" name=\"_ftn2\"><sup>[2]<\/sup><\/a> <a href=\"http:\/\/www.sdp.gov.co\/noticias\/alcaldesa-claudia-lopez-propuso-nuevo-contrato-social-y-ambiental-la-bogota-del-siglo-xxi\" target=\"_blank\" rel=\"noopener\">http:\/\/www.sdp.gov.co\/noticias\/alcaldesa-claudia-lopez-propuso-nuevo-contrato-social-y-ambiental-la-bogota-del-siglo-xxi<\/a><\/p>\n<p><a href=\"#_ftnref3\" name=\"_ftn3\"><sup>[3]<\/sup><\/a> Ver art\u00edculo: \u201cLAS DEUDAS DE LA POL\u00cdTICA DE DROGAS EN BOGOT\u00c1 Y OTRAS ZONAS DEL PA\u00cdS\u201d Acci\u00f3n T\u00e9cnica Social: <a href=\"https:\/\/www.acciontecnicasocial.com\/las-deudas-de-la-politica-de-drogas-en-bogota-y-los-territorios\/\" target=\"_blank\" rel=\"noopener\">https:\/\/www.acciontecnicasocial.com\/las-deudas-de-la-politica-de-drogas-en-bogota-y-los-territorios\/<\/a>[\/vc_column_text][\/vc_column][\/vc_row]<\/p>\n","protected":false},"excerpt":{"rendered":"<p>Bogot\u00e1 tiene una deuda con la pol\u00edtica p\u00fablica de Sustancias Psicoactivas y el enfoque de salud y derechos humanos, que a pesar de haber sido aprobada hace casi 10 a\u00f1os, a\u00fan poco o nada se ha avanzado.<\/p>\n","protected":false},"author":3,"featured_media":5345,"comment_status":"closed","ping_status":"closed","sticky":false,"template":"","format":"standard","meta":{"site-sidebar-layout":"default","site-content-layout":"","ast-site-content-layout":"default","site-content-style":"default","site-sidebar-style":"default","ast-global-header-display":"","ast-banner-title-visibility":"","ast-main-header-display":"","ast-hfb-above-header-display":"","ast-hfb-below-header-display":"","ast-hfb-mobile-header-display":"","site-post-title":"","ast-breadcrumbs-content":"","ast-featured-img":"","footer-sml-layout":"","theme-transparent-header-meta":"default","adv-header-id-meta":"","stick-header-meta":"","header-above-stick-meta":"","header-main-stick-meta":"","header-below-stick-meta":"","astra-migrate-meta-layouts":"set","ast-page-background-enabled":"default","ast-page-background-meta":{"desktop":{"background-color":"var(--ast-global-color-4)","background-image":"","background-repeat":"repeat","background-position":"center center","background-size":"auto","background-attachment":"scroll","background-type":"","background-media":"","overlay-type":"","overlay-color":"","overlay-opacity":"","overlay-gradient":""},"tablet":{"background-color":"","background-image":"","background-repeat":"repeat","background-position":"center center","background-size":"auto","background-attachment":"scroll","background-type":"","background-media":"","overlay-type":"","overlay-color":"","overlay-opacity":"","overlay-gradient":""},"mobile":{"background-color":"","background-image":"","background-repeat":"repeat","background-position":"center center","background-size":"auto","background-attachment":"scroll","background-type":"","background-media":"","overlay-type":"","overlay-color":"","overlay-opacity":"","overlay-gradient":""}},"ast-content-background-meta":{"desktop":{"background-color":"var(--ast-global-color-5)","background-image":"","background-repeat":"repeat","background-position":"center center","background-size":"auto","background-attachment":"scroll","background-type":"","background-media":"","overlay-type":"","overlay-color":"","overlay-opacity":"","overlay-gradient":""},"tablet":{"background-color":"var(--ast-global-color-5)","background-image":"","background-repeat":"repeat","background-position":"center center","background-size":"auto","background-attachment":"scroll","background-type":"","background-media":"","overlay-type":"","overlay-color":"","overlay-opacity":"","overlay-gradient":""},"mobile":{"background-color":"var(--ast-global-color-5)","background-image":"","background-repeat":"repeat","background-position":"center center","background-size":"auto","background-attachment":"scroll","background-type":"","background-media":"","overlay-type":"","overlay-color":"","overlay-opacity":"","overlay-gradient":""}},"footnotes":""},"categories":[1],"tags":[],"class_list":["post-4652","post","type-post","status-publish","format-standard","has-post-thumbnail","hentry","category-publicaciones"],"_links":{"self":[{"href":"https:\/\/www.echelecabeza.com\/wp-json\/wp\/v2\/posts\/4652","targetHints":{"allow":["GET"]}}],"collection":[{"href":"https:\/\/www.echelecabeza.com\/wp-json\/wp\/v2\/posts"}],"about":[{"href":"https:\/\/www.echelecabeza.com\/wp-json\/wp\/v2\/types\/post"}],"author":[{"embeddable":true,"href":"https:\/\/www.echelecabeza.com\/wp-json\/wp\/v2\/users\/3"}],"replies":[{"embeddable":true,"href":"https:\/\/www.echelecabeza.com\/wp-json\/wp\/v2\/comments?post=4652"}],"version-history":[{"count":2,"href":"https:\/\/www.echelecabeza.com\/wp-json\/wp\/v2\/posts\/4652\/revisions"}],"predecessor-version":[{"id":5726,"href":"https:\/\/www.echelecabeza.com\/wp-json\/wp\/v2\/posts\/4652\/revisions\/5726"}],"wp:featuredmedia":[{"embeddable":true,"href":"https:\/\/www.echelecabeza.com\/wp-json\/wp\/v2\/media\/5345"}],"wp:attachment":[{"href":"https:\/\/www.echelecabeza.com\/wp-json\/wp\/v2\/media?parent=4652"}],"wp:term":[{"taxonomy":"category","embeddable":true,"href":"https:\/\/www.echelecabeza.com\/wp-json\/wp\/v2\/categories?post=4652"},{"taxonomy":"post_tag","embeddable":true,"href":"https:\/\/www.echelecabeza.com\/wp-json\/wp\/v2\/tags?post=4652"}],"curies":[{"name":"wp","href":"https:\/\/api.w.org\/{rel}","templated":true}]}}