{"id":5034,"date":"2022-08-11T15:12:47","date_gmt":"2022-08-11T15:12:47","guid":{"rendered":"https:\/\/www.echelecabeza.com\/?p=5034"},"modified":"2025-01-10T12:07:36","modified_gmt":"2025-01-10T12:07:36","slug":"comunicado-y-agenda-8o-festival-de-cortos-psicoactivos-2022","status":"publish","type":"post","link":"https:\/\/www.echelecabeza.com\/comunicado-y-agenda-8o-festival-de-cortos-psicoactivos-2022\/","title":{"rendered":"Comunicado y agenda 8\u00ba Festival de Cortos Psicoactivos 2022"},"content":{"rendered":"<p>\u201cGesti\u00f3n del placer, sexo y drogas\u201d 8\u00b0 Festival de Cortos Psicoactivos \u00c9chele Cabeza 2022<\/p>\n<p style=\"text-align: right;\"><em>Agosto 2022<\/em><\/p>\n<p><b>Aqu\u00ed encontraran.\u00a0<\/b><\/p>\n<ul>\n<li>Comunicado del festival.<\/li>\n<li>Documental, charla y fiesta de lanzamiento 17 de agosto The Guetho Project 5:30 p.m<\/li>\n<li>Conversatorios, lugar, fecha y hora en la Cinemateca Distrital de Bogot\u00e1<\/li>\n<li>Talleres, lugar, fecha y hora en la Cinemateca Distrital de Bogot\u00e1<\/li>\n<li>Agenda de selecci\u00f3n oficial en Cinemateca Distrital de Bogot\u00e1<\/li>\n<li>Links y fotografias de festivales anteriores<\/li>\n<\/ul>\n<p><strong>Comunicado del festival<\/strong><\/p>\n<p>El Festival de Cortos Psicoactivos \u00c9chele Cabeza llega este a\u00f1o a su octava edici\u00f3n, con una diversa agenda cultural y nuevos premios para quienes participaron de la convocatoria con sus producciones audiovisuales. Este a\u00f1o el evento estar\u00e1 apoyado por el Ministerio de Cultura, IDARTES y, por primera vez, por el Fondo para el Desarrollo Cinematogr\u00e1fico, se realizar\u00e1 del 17 al 27 de agosto de 2022.<\/p>\n<p>En esta tem\u00e1tica se quiere involucrar una agenda cultural y acad\u00e9mica, as\u00ed como trabajos audiovisuales en las diferentes categor\u00edas que aborde una discusi\u00f3n sin tab\u00fa y estigma la gesti\u00f3n de los placeres, relacionadas con las pr\u00e1cticas sexuales, el consumo de sustancias psicoactiva e incluso el enfoque de g\u00e9nero en relaci\u00f3n a estos fen\u00f3menos.<\/p>\n<p>Imaginar que las personas que usan drogas lo hacen tambi\u00e9n por experimentar y buscar placer resulta ser escandaloso, pervertido, enfermo y muchas veces igual o peor a quien quiere experimentar con el sexo de diferentes maneras y formas. Durante nuestra existencia se nos habla de las drogas y el sexo desde lujuria, el pecado, el exceso, la perdici\u00f3n, pero muy poco desde el placer. El tema de la octava edici\u00f3n del Festival busca una discusi\u00f3n sobre la gesti\u00f3n de placer en el consumo de drogas para promover el autocuidado, la toma de decisiones basadas en evidencia, el respeto por el entorno, el bienestar personal, las experiencias positivas y se evitan los excesos.<\/p>\n<p>El Festival de Cortos Psicoactivo es un evento art\u00edstico, cultural y pedag\u00f3gico que desde hace nueve a\u00f1os promueve e incentiva la creaci\u00f3n y difusi\u00f3n de trabajos audiovisuales, desde un enfoque pedag\u00f3gico, cient\u00edfico y art\u00edstico sobre nuevas formas de abordar el fen\u00f3meno de las drogas legales e ilegales. Este evento surge de la necesidad y de la ausencia de espacios audiovisuales para el debate sobre el fen\u00f3meno de las drogas.<\/p>\n<p>Se incita especialmente la creaci\u00f3n de cortometrajes in\u00e9ditos a raz\u00f3n de esta convocatoria, aunque tambi\u00e9n es admisible toda pieza audiovisual original\u00a0 y que no haya concursado en ediciones anteriores del Festival.<\/p>\n<p>Las\u00a0<strong>proyecciones\u00a0<\/strong>se llevar\u00e1n a cabo del 24 al 26 de agosto en las salas de la Cinemateca Distrital. Para esta versi\u00f3n, adem\u00e1s de las proyecciones de la selecci\u00f3n oficial, se realizar\u00e1n tres\u00a0<strong>conversatorios<\/strong>:\u00a0&#8220;G\u00e9nero, sexo y drogas: chemsex, pr\u00e1cticas sexuales y consumo de SPA en poblaci\u00f3n LGTBIQ+&#8221; como parte de la tem\u00e1tica principal del festival; &#8220;\u00bfRegulaci\u00f3n de las drogas para Dummies&#8221; una discusi\u00f3n t\u00e9cnica, pol\u00edtica y social sobre la coyuntura actual del pa\u00eds sobre sustancias psicoactivas ilegales; adem\u00e1s de uno tercero sobre &#8220;Drogolog\u00eda del cine y las series colombianas\u201d.<\/p>\n<p>Una apuesta nueva del Festival ser\u00e1 ofrecer para los seguidores y nuevos p\u00fablicos dos\u00a0<strong>Labs<\/strong>\u00a0el<strong>\u00a0<\/strong>martes 23\u00a0de agosto sobre \u201cReducci\u00f3n de riesgos y da\u00f1os en preparaci\u00f3n y consumo de destilados\u00a0 y extracciones de Cannabis\u201d\u00a0y el mi\u00e9rcoles 24 \u201cCultivo de hongos y uso de psicod\u00e9licos\u201d. As\u00ed como un\u00a0<strong>evento de inauguraci\u00f3n<\/strong>\u00a0que se realizar\u00e1 el 17 de agosto en The Guetto Proyect con un conversatorio con invitados especiales y la celebraci\u00f3n de los 12 a\u00f1os del proyecto \u00c9chele Cabeza.<\/p>\n<p>Entrada libre a los talleres hasta llenar el cupo.<\/p>\n<p><strong>Documental, charla y fiesta de lanzamiento 17 de agosto desde las 5:30 p.m en The Guetho Project<\/strong><\/p>\n<p><img fetchpriority=\"high\" decoding=\"async\" class=\"alignnone size-medium wp-image-5035\" src=\"https:\/\/www.echelecabeza.com\/wp-content\/uploads\/2022\/08\/Inauguracion-FC-1_1-300x300.jpg\" alt=\"\" width=\"300\" height=\"300\" title=\"\"><img decoding=\"async\" class=\"alignnone size-medium wp-image-5036\" src=\"https:\/\/www.echelecabeza.com\/wp-content\/uploads\/2022\/08\/Inauguracion-FC-1_2-300x300.jpg\" alt=\"\" width=\"300\" height=\"300\" title=\"\"><img decoding=\"async\" class=\"alignnone size-medium wp-image-5037\" src=\"https:\/\/www.echelecabeza.com\/wp-content\/uploads\/2022\/08\/Inauguracion-FC-1_3-300x300.jpg\" alt=\"\" width=\"300\" height=\"300\" title=\"\"><img loading=\"lazy\" decoding=\"async\" class=\"alignnone size-medium wp-image-5038\" src=\"https:\/\/www.echelecabeza.com\/wp-content\/uploads\/2022\/08\/Inauguracion-FC-1_4-300x300.jpg\" alt=\"\" width=\"300\" height=\"300\" title=\"\"><\/p>\n<p><strong>Conversatorios\u00a0<\/strong><\/p>\n<p><strong><img loading=\"lazy\" decoding=\"async\" class=\"alignnone size-medium wp-image-5065\" src=\"https:\/\/www.echelecabeza.com\/wp-content\/uploads\/2022\/08\/Flyer-FC-Conversatorio_2408-1-300x300.jpg\" alt=\"\" width=\"300\" height=\"300\" title=\"\"><img loading=\"lazy\" decoding=\"async\" class=\"alignnone size-medium wp-image-5075\" src=\"https:\/\/www.echelecabeza.com\/wp-content\/uploads\/2022\/08\/Flyer-FC-Conversatorio_2508-2-300x300.jpg\" alt=\"\" width=\"300\" height=\"300\" title=\"\"><img loading=\"lazy\" decoding=\"async\" class=\"alignnone size-medium wp-image-5067\" src=\"https:\/\/www.echelecabeza.com\/wp-content\/uploads\/2022\/08\/Flyer-FC-4-Conversatorio_2608-2-1-300x300.jpg\" alt=\"\" width=\"300\" height=\"300\" title=\"\"><\/strong><\/p>\n<p><strong>Talleres y link de<a href=\"https:\/\/forms.gle\/uxCRLLjziNpcH38x5\" target=\"_blank\" rel=\"noopener\">\u00a0 Inscripci\u00f3n aqu\u00ed<\/a><\/strong><\/p>\n<p><img loading=\"lazy\" decoding=\"async\" class=\"alignnone size-medium wp-image-5043\" src=\"https:\/\/www.echelecabeza.com\/wp-content\/uploads\/2022\/08\/Flyer-FC-1_3-300x300.jpg\" alt=\"\" width=\"300\" height=\"300\" title=\"\"><img loading=\"lazy\" decoding=\"async\" class=\"alignnone size-medium wp-image-5044\" src=\"https:\/\/www.echelecabeza.com\/wp-content\/uploads\/2022\/08\/Flyer-FC-1_4-300x300.jpg\" alt=\"\" width=\"300\" height=\"300\" title=\"\"><\/p>\n<p><strong>Agenda de selecci\u00f3n oficial 24 de agosto Cinemateca Distrital.\u00a0<\/strong><\/p>\n<p><img loading=\"lazy\" decoding=\"async\" class=\"alignnone size-medium wp-image-5045\" src=\"https:\/\/www.echelecabeza.com\/wp-content\/uploads\/2022\/08\/1-2408_Experimental1-300x300.jpg\" alt=\"\" width=\"300\" height=\"300\" title=\"\"><img loading=\"lazy\" decoding=\"async\" class=\"alignnone size-medium wp-image-5046\" src=\"https:\/\/www.echelecabeza.com\/wp-content\/uploads\/2022\/08\/2-2408_Experimental2-300x300.jpg\" alt=\"\" width=\"300\" height=\"300\" title=\"\"><img loading=\"lazy\" decoding=\"async\" class=\"alignnone size-medium wp-image-5047\" src=\"https:\/\/www.echelecabeza.com\/wp-content\/uploads\/2022\/08\/3-2408_Videoclip1_1-300x300.jpg\" alt=\"\" width=\"300\" height=\"300\" title=\"\"><img loading=\"lazy\" decoding=\"async\" class=\"alignnone size-medium wp-image-5048\" src=\"https:\/\/www.echelecabeza.com\/wp-content\/uploads\/2022\/08\/4-2408_Videoclip1_2-300x300.jpg\" alt=\"\" width=\"300\" height=\"300\" title=\"\"><img loading=\"lazy\" decoding=\"async\" class=\"alignnone size-medium wp-image-5049\" src=\"https:\/\/www.echelecabeza.com\/wp-content\/uploads\/2022\/08\/5-2408_Ficcion1_1-300x300.jpg\" alt=\"\" width=\"300\" height=\"300\" title=\"\"><img loading=\"lazy\" decoding=\"async\" class=\"alignnone size-medium wp-image-5050\" src=\"https:\/\/www.echelecabeza.com\/wp-content\/uploads\/2022\/08\/6-2408_Ficcion1_2-300x300.jpg\" alt=\"\" width=\"300\" height=\"300\" title=\"\"><img loading=\"lazy\" decoding=\"async\" class=\"alignnone size-medium wp-image-5051\" src=\"https:\/\/www.echelecabeza.com\/wp-content\/uploads\/2022\/08\/7-2408_Videoclip2_1-300x300.jpg\" alt=\"\" width=\"300\" height=\"300\" title=\"\"><\/p>\n<p><strong>Agenda selecci\u00f3n oficial 25 de agosto Cinemateca Distrital.\u00a0<\/strong><\/p>\n<p><img loading=\"lazy\" decoding=\"async\" class=\"alignnone size-medium wp-image-5052\" src=\"https:\/\/www.echelecabeza.com\/wp-content\/uploads\/2022\/08\/8-2508_Animacion1_1-300x300.jpg\" alt=\"\" width=\"300\" height=\"300\" title=\"\"><img loading=\"lazy\" decoding=\"async\" class=\"alignnone size-medium wp-image-5053\" src=\"https:\/\/www.echelecabeza.com\/wp-content\/uploads\/2022\/08\/9-2508_Animacion1_2-300x300.jpg\" alt=\"\" width=\"300\" height=\"300\" title=\"\"><img loading=\"lazy\" decoding=\"async\" class=\"alignnone size-medium wp-image-5054\" src=\"https:\/\/www.echelecabeza.com\/wp-content\/uploads\/2022\/08\/10-2508_Animacion1_3-300x300.jpg\" alt=\"\" width=\"300\" height=\"300\" title=\"\"><img loading=\"lazy\" decoding=\"async\" class=\"alignnone size-medium wp-image-5055\" src=\"https:\/\/www.echelecabeza.com\/wp-content\/uploads\/2022\/08\/11-2508_Documental1-300x300.jpg\" alt=\"\" width=\"300\" height=\"300\" title=\"\"><img loading=\"lazy\" decoding=\"async\" class=\"alignnone size-medium wp-image-5056\" src=\"https:\/\/www.echelecabeza.com\/wp-content\/uploads\/2022\/08\/12-2508_Experimental2_1-300x300.jpg\" alt=\"\" width=\"300\" height=\"300\" title=\"\"><img loading=\"lazy\" decoding=\"async\" class=\"alignnone size-medium wp-image-5057\" src=\"https:\/\/www.echelecabeza.com\/wp-content\/uploads\/2022\/08\/13-2508_Experimental2_2-300x300.jpg\" alt=\"\" width=\"300\" height=\"300\" title=\"\"><img loading=\"lazy\" decoding=\"async\" class=\"alignnone size-medium wp-image-5058\" src=\"https:\/\/www.echelecabeza.com\/wp-content\/uploads\/2022\/08\/14-2508_Documental2-Animacion2-300x300.jpg\" alt=\"\" width=\"300\" height=\"300\" title=\"\"><img loading=\"lazy\" decoding=\"async\" class=\"alignnone size-medium wp-image-5059\" src=\"https:\/\/www.echelecabeza.com\/wp-content\/uploads\/2022\/08\/15-2508_Animacion2-300x300.jpg\" alt=\"\" width=\"300\" height=\"300\" title=\"\"><\/p>\n<p><strong>Agenda selecci\u00f3n oficial 26 de agosto Cinemateca Distrital.\u00a0<\/strong><\/p>\n<p><img loading=\"lazy\" decoding=\"async\" class=\"alignnone size-medium wp-image-5060\" src=\"https:\/\/www.echelecabeza.com\/wp-content\/uploads\/2022\/08\/16-2608_Ficcion2-300x300.jpg\" alt=\"\" width=\"300\" height=\"300\" title=\"\"><img loading=\"lazy\" decoding=\"async\" class=\"alignnone size-medium wp-image-5061\" src=\"https:\/\/www.echelecabeza.com\/wp-content\/uploads\/2022\/08\/17-2608_Experimental3_1-300x300.jpg\" alt=\"\" width=\"300\" height=\"300\" title=\"\"><img loading=\"lazy\" decoding=\"async\" class=\"alignnone size-medium wp-image-5062\" src=\"https:\/\/www.echelecabeza.com\/wp-content\/uploads\/2022\/08\/18-2608_Experimental3_2-300x300.jpg\" alt=\"\" width=\"300\" height=\"300\" title=\"\"><img loading=\"lazy\" decoding=\"async\" class=\"alignnone size-medium wp-image-5063\" src=\"https:\/\/www.echelecabeza.com\/wp-content\/uploads\/2022\/08\/19-2608_Ficcion3-300x300.jpg\" alt=\"\" width=\"300\" height=\"300\" title=\"\"><\/p>\n<p><strong>Links y fotograf\u00edas de los \u00faltimos tres festivales.\u00a0<\/strong><\/p>\n<p>&nbsp;<\/p>\n<p><a href=\"https:\/\/www.echelecabeza.com\/festivaldecortos\/festival-de-cortos-psicoactivos-echele-cabeza-2021\/\">Festival 2021 <\/a><\/p>\n<p><a href=\"https:\/\/www.echelecabeza.com\/festivaldecortos\/festival-de-cortos-psicoactivos-echele-cabeza-2020\/\">Festival 2020\u00a0<\/a><\/p>\n<p><a href=\"https:\/\/www.echelecabeza.com\/festivaldecortos\/festival-de-cortos-psicoactivos-echele-cabeza-2019\/\">Festival 2019\u00a0<\/a>[\/vc_column_text][\/vc_column][\/vc_row]<\/p>\n","protected":false},"excerpt":{"rendered":"<p>El sexo, las drogas y el placer ser\u00e1 el tema central del Festival, pero tambien hablaremos de regulaci\u00f3n, cine, tv, medios de comunicaci\u00f3n y muchos m\u00e1s. <\/p>\n","protected":false},"author":3,"featured_media":5262,"comment_status":"closed","ping_status":"closed","sticky":false,"template":"","format":"standard","meta":{"site-sidebar-layout":"default","site-content-layout":"","ast-site-content-layout":"default","site-content-style":"default","site-sidebar-style":"default","ast-global-header-display":"","ast-banner-title-visibility":"","ast-main-header-display":"","ast-hfb-above-header-display":"","ast-hfb-below-header-display":"","ast-hfb-mobile-header-display":"","site-post-title":"","ast-breadcrumbs-content":"","ast-featured-img":"","footer-sml-layout":"","theme-transparent-header-meta":"default","adv-header-id-meta":"","stick-header-meta":"","header-above-stick-meta":"","header-main-stick-meta":"","header-below-stick-meta":"","astra-migrate-meta-layouts":"set","ast-page-background-enabled":"default","ast-page-background-meta":{"desktop":{"background-color":"var(--ast-global-color-4)","background-image":"","background-repeat":"repeat","background-position":"center center","background-size":"auto","background-attachment":"scroll","background-type":"","background-media":"","overlay-type":"","overlay-color":"","overlay-opacity":"","overlay-gradient":""},"tablet":{"background-color":"","background-image":"","background-repeat":"repeat","background-position":"center center","background-size":"auto","background-attachment":"scroll","background-type":"","background-media":"","overlay-type":"","overlay-color":"","overlay-opacity":"","overlay-gradient":""},"mobile":{"background-color":"","background-image":"","background-repeat":"repeat","background-position":"center center","background-size":"auto","background-attachment":"scroll","background-type":"","background-media":"","overlay-type":"","overlay-color":"","overlay-opacity":"","overlay-gradient":""}},"ast-content-background-meta":{"desktop":{"background-color":"var(--ast-global-color-5)","background-image":"","background-repeat":"repeat","background-position":"center center","background-size":"auto","background-attachment":"scroll","background-type":"","background-media":"","overlay-type":"","overlay-color":"","overlay-opacity":"","overlay-gradient":""},"tablet":{"background-color":"var(--ast-global-color-5)","background-image":"","background-repeat":"repeat","background-position":"center center","background-size":"auto","background-attachment":"scroll","background-type":"","background-media":"","overlay-type":"","overlay-color":"","overlay-opacity":"","overlay-gradient":""},"mobile":{"background-color":"var(--ast-global-color-5)","background-image":"","background-repeat":"repeat","background-position":"center center","background-size":"auto","background-attachment":"scroll","background-type":"","background-media":"","overlay-type":"","overlay-color":"","overlay-opacity":"","overlay-gradient":""}},"footnotes":""},"categories":[1],"tags":[],"class_list":["post-5034","post","type-post","status-publish","format-standard","has-post-thumbnail","hentry","category-publicaciones"],"_links":{"self":[{"href":"https:\/\/www.echelecabeza.com\/wp-json\/wp\/v2\/posts\/5034","targetHints":{"allow":["GET"]}}],"collection":[{"href":"https:\/\/www.echelecabeza.com\/wp-json\/wp\/v2\/posts"}],"about":[{"href":"https:\/\/www.echelecabeza.com\/wp-json\/wp\/v2\/types\/post"}],"author":[{"embeddable":true,"href":"https:\/\/www.echelecabeza.com\/wp-json\/wp\/v2\/users\/3"}],"replies":[{"embeddable":true,"href":"https:\/\/www.echelecabeza.com\/wp-json\/wp\/v2\/comments?post=5034"}],"version-history":[{"count":2,"href":"https:\/\/www.echelecabeza.com\/wp-json\/wp\/v2\/posts\/5034\/revisions"}],"predecessor-version":[{"id":5687,"href":"https:\/\/www.echelecabeza.com\/wp-json\/wp\/v2\/posts\/5034\/revisions\/5687"}],"wp:featuredmedia":[{"embeddable":true,"href":"https:\/\/www.echelecabeza.com\/wp-json\/wp\/v2\/media\/5262"}],"wp:attachment":[{"href":"https:\/\/www.echelecabeza.com\/wp-json\/wp\/v2\/media?parent=5034"}],"wp:term":[{"taxonomy":"category","embeddable":true,"href":"https:\/\/www.echelecabeza.com\/wp-json\/wp\/v2\/categories?post=5034"},{"taxonomy":"post_tag","embeddable":true,"href":"https:\/\/www.echelecabeza.com\/wp-json\/wp\/v2\/tags?post=5034"}],"curies":[{"name":"wp","href":"https:\/\/api.w.org\/{rel}","templated":true}]}}