{"id":838,"date":"2014-07-22T01:33:33","date_gmt":"2014-07-22T01:33:33","guid":{"rendered":"https:\/\/www.echelecabeza.com\/?p=838"},"modified":"2014-07-22T01:33:33","modified_gmt":"2014-07-22T01:33:33","slug":"4-anos-de-reduccion-de-riesgo-y-mitigacion-de-dano-en-la-fiesta","status":"publish","type":"post","link":"https:\/\/www.echelecabeza.com\/4-anos-de-reduccion-de-riesgo-y-mitigacion-de-dano-en-la-fiesta\/","title":{"rendered":"4 a\u00f1os de reducci\u00f3n de riesgo y mitigaci\u00f3n de da\u00f1o en la fiesta"},"content":{"rendered":"<section>\n<div class=\"pix_column pix_column_990\">\n<div class=\"pix_column pix_column_990 alignleft\" data-class=\"pix_column alignleft pix_column_990\">\n<h3 style=\"text-align: justify;\"><strong>C\u00d3MO \u00c9CHELE CABEZA LE HA CAMBIADO LOS H\u00c1BITOS DE CONSUMO A PERSONAS USUARIAS DE DROGAS<\/strong><\/h3>\n<p style=\"text-align: justify;\"><em>En el mes de junio el proyecto \u00c9chele Cabeza cuando se d\u00e9 en la cabeza realiz\u00f3 el lanzamiento de su primer libro donde cuenta la historia, adem\u00e1s del impacto y logros obtenidos durante los 4 a\u00f1os de ejecuci\u00f3n. A raz\u00f3n de este art\u00edculo queremos rescatar algunos de los datos importantes presentados en el libro con respecto al cambio de comportamiento en el consumo de sustancias psicoactivas.<\/em><\/p>\n<p style=\"text-align: justify;\"><img fetchpriority=\"high\" decoding=\"async\" class=\"aligncenter size-full wp-image-842\" src=\"http:\/\/www.corporacion-ats.com\/2014echele\/wp-content\/uploads\/2014\/07\/libr1.jpg\" alt=\"libr\" width=\"691\" height=\"887\" title=\"\"><\/p>\n<p style=\"text-align: justify;\"><strong>\u00bfQu\u00e9 evaluamos?<\/strong><\/p>\n<p style=\"text-align: justify;\">Como principal instrumento utilizamos una encuesta virtual, de 48 preguntas divididas en tres apartados: el primero relacionado a informaci\u00f3n sociodemogr\u00e1fica, el segundo sobre h\u00e1bitos de consumo y el tercero respecto al proyecto \u00c9chele Cabeza. Esta encuesta est\u00e1 inspirada en los procesos de evaluaci\u00f3n de Energy Control y de otras estrategias de reducci\u00f3n de riesgo y mitigaci\u00f3n de da\u00f1o en Europa, donde tambi\u00e9n utilizan el recurso virtual por agilidad y confidencialidad. As\u00ed mismo, se indag\u00f3 sobre el movimiento en las redes sociales, la consulta de las alertas tempranas, la visita a la p\u00e1gina web, los temas m\u00e1s buscados y otros aspectos que nuestro software de an\u00e1lisis permite identificar. La encuesta estaba dirigida a poblaci\u00f3n usuaria de Sustancias Psicoactivas (SPA) y del Proyecto, se aliment\u00f3 de grupos focales, cartograf\u00edas de consumo, entrevistas, caracterizaci\u00f3n de poblaciones y di\u00e1logo con personas usuarias a trav\u00e9s de redes sociales y directamente en las intervenciones.<\/p>\n<p style=\"text-align: justify;\"><strong>Cambio de comportamiento en consumo de sustancias psicoactivas<\/strong><\/p>\n<p style=\"text-align: justify;\">Aqu\u00ed lo que pretendemos mostrar es la manera en que las acciones de \u00c9chele Cabeza a trav\u00e9s de varios medios como son la intervenci\u00f3n en fiestas, p\u00e1gina web, redes sociales y medios de comunicaci\u00f3n masivos han logrado cambiar el comportamiento y reducir los riesgos asociados al consumo de SPA en personas que reciben nuestra informaci\u00f3n.<\/p>\n<p style=\"text-align: justify;\"><strong>\u00bf<\/strong><strong>Qui\u00e9nes respondieron las encuestas?<\/strong><\/p>\n<p style=\"text-align: justify;\">686 personas, 63% hombres, 36% mujeres ,1% otro\/a. La edad promedio de los hombres es 22, seguido de mujeres con 20 a\u00f1os. La persona m\u00e1s joven aparece con 15 a\u00f1os y la m\u00e1s vieja con 58 a\u00f1os.<\/p>\n<p style=\"text-align: justify;\"><strong>Localidad<\/strong><\/p>\n<p style=\"text-align: justify;\">Kennedy 22%, Chapinero 20%, Teusaquillo 12%, Usaqu\u00e9n 7%, Cedritos 7%, Engativ\u00e1 7%, otras localidades 26%, otras ciudades 9%.<strong><em>\u00a0<\/em><\/strong><\/p>\n<p style=\"text-align: justify;\"><strong>El nivel educativo y situaci\u00f3n laboral<em>\u00a0<\/em><\/strong><\/p>\n<p style=\"text-align: justify;\">La mayor\u00eda de la poblaci\u00f3n es estudiante universitaria o profesional universitaria en un 64%, le sigue escolar de secundaria con un 17% y t\u00e9cnica en un 11% principalmente. La mayor\u00eda de personas que respondieron la encuesta en un 44% estudian y no trabajan, seguido de quienes est\u00e1n desempleadas en un 24% y las que se asumen independientes en un 19%, mientras que el 7% se considera empleada y 4% contratista.<\/p>\n<p style=\"text-align: justify;\"><strong>\u00bf<\/strong><strong>Qu\u00e9 consumen quienes respondieron?<\/strong><\/p>\n<p style=\"text-align: justify;\">Como principal sustancia psicoactiva, 35% de las personas respondieron en la encuesta consumir alcohol, 25% marihuana regular, 20% marihuana cripi, 9% cigarrillo, 7% LSD, 1% coca\u00edna y 7% otras drogas. La segunda sustancia que m\u00e1s consumen es marihuana en un 55%, cripi 10%, alcohol 9%, alcohol artesanal 6%, cigarrillo 4%, coca\u00edna 4% y LSD 2%.<\/p>\n<p style=\"text-align: justify;\">Estos datos nos indican que el cannabis ocupa el 50% del consumo y adem\u00e1s un 85% de las personas respondi\u00f3 que consume por lo menos 3 sustancias psicoactivas, algo que nos lleva a inferir que el policonsumo es normal y recurrente.<\/p>\n<p style=\"text-align: justify;\"><strong>\u00bf<\/strong><strong>Por qu\u00e9 raz\u00f3n consume?\u00a0\u00a0 <\/strong><\/p>\n<p style=\"text-align: justify;\">Esta es una de las respuestas que m\u00e1s sorpresa nos causa, pues frente a los tradicionales an\u00e1lisis especializados que culpan a problemas familiares, presi\u00f3n de grupo, inmadurez adolescente, pobreza, crisis afectivas, entre otros factores que motivan el consumo de sustancias psicoactivas, lo que encontramos fue que quienes respondieron la encuesta dicen que la raz\u00f3n por la que consumen es principalmente el placer.<\/p>\n<p style=\"text-align: justify;\">86% Placer<\/p>\n<p style=\"text-align: justify;\">5% Experimentar<\/p>\n<p style=\"text-align: justify;\">4% Socializar o compartir con gente<\/p>\n<p style=\"text-align: justify;\">2% Evadir problemas<\/p>\n<p style=\"text-align: justify;\"><a href=\"http:\/\/www.corporacion-ats.com\/2014echele\/wp-content\/uploads\/2014\/07\/Captura-de-pantalla-2014-07-22-a-las-13.27.21.png\" target=\"_blank\" rel=\"noopener\"><img decoding=\"async\" class=\"aligncenter size-full wp-image-872\" src=\"http:\/\/www.corporacion-ats.com\/2014echele\/wp-content\/uploads\/2014\/07\/Captura-de-pantalla-2014-07-22-a-las-13.27.21.png\" alt=\"Captura de pantalla 2014-07-22 a la(s) 13.27.21\" width=\"641\" height=\"318\" title=\"\"><\/a><\/p>\n<p style=\"text-align: justify;\">El placer se encuentra entonces como la principal raz\u00f3n para autoadministrarse sustancias psicoactivas, en b\u00fasqueda de nuevas experiencias y sensaciones, estados alterados de conciencia que cada vez intentan combinarse m\u00e1s, especialmente entre la juventud, desde un poder estimulante con la contemplaci\u00f3n de los psicod\u00e9licos.<\/p>\n<p style=\"text-align: justify;\">El 63% de las personas encuestadas indicaron que conocen la calidad de las sustancias que consumen, lo que no se aclara es si saben que es de calidad baja, media o alta.<\/p>\n<p style=\"text-align: justify;\">El 64% est\u00e1n medianamente seguras de la calidad de las sustancias que consumen, el 14% muy seguras, el 16% medianamente seguras, el 4% tiene la posibilidad de comprobar la calidad, mientras que el restante no sabe o no responde.<\/p>\n<p style=\"text-align: justify;\"><strong><em>\u00bf<\/em><\/strong><strong><em>Qu\u00e9 tipo de informaci\u00f3n prefiere?<\/em><\/strong><\/p>\n<p style=\"text-align: justify;\"><a href=\"http:\/\/www.corporacion-ats.com\/2014echele\/wp-content\/uploads\/2014\/07\/eee.png\" target=\"_blank\" rel=\"noopener\"><img decoding=\"async\" class=\"aligncenter size-full wp-image-873\" src=\"http:\/\/www.corporacion-ats.com\/2014echele\/wp-content\/uploads\/2014\/07\/eee.png\" alt=\"eee\" width=\"822\" height=\"374\" title=\"\"><\/a><\/p>\n<p style=\"text-align: justify;\">En una poblaci\u00f3n usuaria poco o ning\u00fan efecto hace la informaci\u00f3n relacionada con abandonar el consumo, tener un tratamiento para dejarlo o la prevenci\u00f3n para evitar el contacto con las sustancias; busca en m\u00e1s de un 80% informaci\u00f3n relacionada con reducci\u00f3n de riesgo y consumo responsable que le permita obtener patrones de conducta o h\u00e1bitos para autorregularse.<\/p>\n<p style=\"text-align: justify;\"><strong>Evaluaci\u00f3n sobre \u00c9chele Cabeza <\/strong><\/p>\n<p style=\"text-align: justify;\">Aunque lleva 4 a\u00f1os y la evaluaci\u00f3n pretend\u00eda cubrir todo 2013, realizamos algunas preguntas relacionadas con el tiempo de conocerse el Proyecto y nos dimos cuenta que indudablemente el apoyo del Ministerio de Salud y Protecci\u00f3n Social en un primer momento y la continuaci\u00f3n del apoyo y sostenimiento por parte de la Secretar\u00eda Distrital de Salud de Bogot\u00e1 ha logrado consolidarlo, hacer que llegue a mayor cantidad de gente, cualificar los protocolos, mejorar y ampliar los servicios a personas usuarias. M\u00e1s del 70% de quienes respondieron la encuesta conocen el Proyecto hace menos de dos a\u00f1os.<\/p>\n<p style=\"text-align: justify;\">La informaci\u00f3n que usuarias y usuarios reciben de \u00c9chele Cabeza les merece un alto grado de confianza, la reconocen como informaci\u00f3n con soporte cient\u00edfico, actualizada y de utilidad para poblaci\u00f3n consumidora.<\/p>\n<p style=\"text-align: justify;\"><strong>\u00a0<a href=\"http:\/\/www.corporacion-ats.com\/2014echele\/wp-content\/uploads\/2014\/07\/eeee.png\" target=\"_blank\" rel=\"noopener\"><img loading=\"lazy\" decoding=\"async\" class=\"aligncenter size-full wp-image-874\" src=\"http:\/\/www.corporacion-ats.com\/2014echele\/wp-content\/uploads\/2014\/07\/eeee.png\" alt=\"eeee\" width=\"960\" height=\"596\" title=\"\"><\/a><\/strong><\/p>\n<p style=\"text-align: justify;\"><strong>Evaluaci\u00f3n sobre \u00c9chele Cabeza<\/strong><\/p>\n<p style=\"text-align: justify;\">Donde 1 es malo y 5 muy bueno para calificar el Proyecto en los siguientes aspectos, los resultados fueron:<\/p>\n<p style=\"text-align: justify;\">Calidad \u00a0 \u00a0 \u00a0 \u00a0 \u00a0 \u00a0 \u00a0 \u00a0 \u00a0 \u00a0 \u00a0 4.2<\/p>\n<p style=\"text-align: justify;\">Cantidad \u00a0 \u00a0 \u00a0 \u00a0 \u00a0 \u00a0 \u00a0 \u00a0 \u00a0 3.4<\/p>\n<p style=\"text-align: justify;\">Dise\u00f1o e imagen \u00a0 \u00a04.5<\/p>\n<p style=\"text-align: justify;\">Utilidad \u00a0 \u00a0 \u00a0 \u00a0 \u00a0 \u00a0 \u00a0 \u00a0 \u00a0 \u00a0 4.4<\/p>\n<p style=\"text-align: justify;\">Lenguaje \u00a0 \u00a0 \u00a0 \u00a0 \u00a0 \u00a0 \u00a0 \u00a0 \u00a0 4.1<\/p>\n<p style=\"text-align: justify;\">Credibilidad \u00a0 \u00a0 \u00a0 \u00a0 \u00a0 \u00a0 4.2<\/p>\n<p style=\"text-align: justify;\">Innovaci\u00f3n \u00a0 \u00a0 \u00a0 \u00a0 \u00a0 \u00a0 \u00a04.4<\/p>\n<p style=\"text-align: justify;\"><a href=\"http:\/\/www.corporacion-ats.com\/2014echele\/wp-content\/uploads\/2014\/07\/fffffff.png\" target=\"_blank\" rel=\"noopener\"><img loading=\"lazy\" decoding=\"async\" class=\"aligncenter size-full wp-image-875\" src=\"http:\/\/www.corporacion-ats.com\/2014echele\/wp-content\/uploads\/2014\/07\/fffffff.png\" alt=\"fffffff\" width=\"920\" height=\"434\" title=\"\"><\/a><\/p>\n<p style=\"text-align: justify;\">Sobre la utilidad de mecanismos como p\u00e1gina web y redes sociales, aunque la mayor\u00eda de quienes respondieron la encuesta indican que les sirve para recibir informaci\u00f3n sobre reducci\u00f3n de riesgo y mitigaci\u00f3n de da\u00f1o as\u00ed como para asumir su consumo con responsabilidad, un gran n\u00famero de personas tambi\u00e9n indica que los aprovecha para conocer otras personas consumidoras y enterarse de fiestas. M\u00e1s del 80% de las visitas recibidas han recomendado la p\u00e1gina web y las redes sociales.<\/p>\n<p style=\"text-align: justify;\">El 87% de las personas estiman que cuando hablan con pares de \u00c9chele Cabeza en el Estand Informativo, la p\u00e1gina web o las redes sociales \u201cles genera confianza y les consideran como alguien igual a usted que sabe del tema y le orienta bien\u201d.<\/p>\n<p style=\"text-align: justify;\">El 79% de las personas que respondieron la encuesta ponderan que la informaci\u00f3n que les ha brindado \u00c9chele Cabeza ha servido para cambiar sus h\u00e1bitos de consumo.<\/p>\n<p style=\"text-align: justify;\"><strong style=\"line-height: 1.8em;\">El caso LSD y NBOMe<\/strong><\/p>\n<p style=\"text-align: justify;\">Para principios del a\u00f1o 2013 en los raves y las calles de Bogot\u00e1 empezaron a circular papeles secantes que conten\u00edan una sustancia llamada 25C-NBOMe, vendida como si fuera LSD aunque comercializada como falso LSD, que comenz\u00f3 a provocar situaciones de crisis y p\u00e1nico en alguna juventud que la consum\u00eda. \u00c9chele Cabeza en convenio con el Observatorio Nacional de Drogas emiti\u00f3 una alerta indicando que \u201clos an\u00e1lisis qu\u00edmicos realizados a muestras obtenidas en Bogot\u00e1 D.C., Manizales y en Pereira, permiten confirmar que \u00e9stas no conten\u00edan LSD sino que en realidad esta sustancia corresponde a 25B-NBOMe y 25C-NBOMe, estos hallazgos confirman que actualmente se venden estas nuevas sustancias como si fuera LSD\u201d.<\/p>\n<p style=\"text-align: justify;\">Tiempo despu\u00e9s, realizamos la evaluaci\u00f3n del impacto de esta alerta entre personas usuarias y los resultados son m\u00e1s que concluyentes, respecto a c\u00f3mo los servicios de an\u00e1lisis de sustancias s\u00ed cambian el comportamiento o por lo menos la intenci\u00f3n del comportamiento sobre el consumo de drogas; en este caso para el LSD, los resultados de la evaluaci\u00f3n fueron los siguientes:<\/p>\n<p style=\"text-align: justify;\">9.800 lecturas de la alerta en un d\u00eda.<\/p>\n<p style=\"text-align: justify;\">32.000 lecturas de la alerta en un mes.<\/p>\n<p style=\"text-align: justify;\">63 comentarios a la alerta publicada.<\/p>\n<p style=\"text-align: justify;\">El 81% ley\u00f3 la alerta de LSD.<\/p>\n<p style=\"text-align: justify;\">El 71% que ley\u00f3 la alerta indic\u00f3 que dej\u00f3 de consumir LSD.<\/p>\n<p style=\"text-align: justify;\">El 76% indic\u00f3 que en caso de consumirlo tendr\u00eda m\u00e1s precauci\u00f3n.<\/p>\n<p style=\"text-align: justify;\">El 75% indic\u00f3 que tendr\u00eda mayor precauci\u00f3n al comprarlo.<\/p>\n<p style=\"text-align: justify;\"><strong>Si tenemos en cuenta que m\u00e1s del 32% de las personas encuestadas viven en el \u00e1rea de influencia del hospital de Chapinero, podemos indicar que el ingreso de intoxicaci\u00f3n por LSD del primer semestre de 2013, equivalente a 1.5 por mes, se redujo en el segundo semestre de 2013, despu\u00e9s de la publicaci\u00f3n de la alerta, a 0.5 por mes.<\/strong><\/p>\n<p style=\"text-align: justify;\"><a href=\"http:\/\/www.corporacion-ats.com\/2014echele\/wp-content\/uploads\/2014\/07\/ftyyyy.png\" target=\"_blank\" rel=\"noopener\"><img loading=\"lazy\" decoding=\"async\" class=\"aligncenter size-full wp-image-876\" src=\"http:\/\/www.corporacion-ats.com\/2014echele\/wp-content\/uploads\/2014\/07\/ftyyyy.png\" alt=\"ftyyyy\" width=\"958\" height=\"404\" title=\"\"><\/a><\/p>\n<p style=\"text-align: justify;\">Los datos nos permiten inferir con alto grado de certeza que hay un inter\u00e9s claro por parte de las personas usuarias en informarse de lo que consumen, receptivas a brindar informaci\u00f3n (muestras) a cambio de informaci\u00f3n que les permita gestionar sus consumos de manera m\u00e1s informada. De la misma manera podemos observar que las alertas tempranas basadas en la evidencia impactan el comportamiento de consumo o por lo menos la intenci\u00f3n de cambio en el comportamiento de consumo. Aunque la encuesta se realiz\u00f3 4 meses despu\u00e9s de que la alerta hubiera sido publicada, son altos los indicadores de cambio en el comportamiento de las personas usuarias.<\/p>\n<p style=\"text-align: justify;\"><strong>Algunos datos adicionales<\/strong><\/p>\n<p>Para finalizar podemos indicar que cerca de un 25% de las personas encuestadas ya ven\u00edan adoptando comportamientos de consumo responsable, o de menor riesgo en sus pr\u00e1cticas, antes de conocer \u00c9chele Cabeza, sin embargo el Proyecto les ayud\u00f3 a reafirmar y cualificar estas pr\u00e1cticas:<\/p>\n<p>29% ha reducido el consumo.<\/p>\n<p>33% ha cambiado de proveedor(a).<\/p>\n<p>30% ha cambiado de sustancias de mayor riesgo a otras de menor riesgo.<\/p>\n<p>29% ha cambiado de v\u00edas de administraci\u00f3n de mayor riesgo a otras de menor riesgo.<\/p>\n<p>44% se preocupa por la calidad de las sustancias que consume.<\/p>\n<p>46% se preocupa por conocer sus derechos como consumidor(a).<\/p>\n<p style=\"text-align: justify;\"><strong>En conclusi\u00f3n<br \/>\n<\/strong><\/p>\n<p style=\"text-align: justify;\"><a href=\"http:\/\/www.corporacion-ats.com\/2014echele\/wp-content\/uploads\/2014\/07\/rst5t5.png\" target=\"_blank\" rel=\"noopener\"><img loading=\"lazy\" decoding=\"async\" class=\"aligncenter size-full wp-image-877\" src=\"http:\/\/www.corporacion-ats.com\/2014echele\/wp-content\/uploads\/2014\/07\/rst5t5.png\" alt=\"rst5t5\" width=\"789\" height=\"384\" title=\"\"><\/a><\/p>\n<p style=\"text-align: justify;\">Finalizada la encuesta, las personas nos otorgaron un 4.4 cuando 5 era la mejor calificaci\u00f3n.<br \/>\n83% de quienes respondieron han compartido la informaci\u00f3n que les brinda \u00c9chele Cabeza.<br \/>\n91% de las personas volver\u00eda a acercarse al proyecto \u00c9chele Cabeza en general para obtener informaci\u00f3n sobre reducci\u00f3n de riesgo y mitigaci\u00f3n de da\u00f1o en consumo de drogas.<\/p>\n<p style=\"text-align: justify;\"><a href=\"http:\/\/www.corporacion-ats.com\/2014echele\/wp-content\/uploads\/2014\/07\/dfrrr.png\" target=\"_blank\" rel=\"noopener\"><img loading=\"lazy\" decoding=\"async\" class=\"size-full wp-image-878\" src=\"http:\/\/www.corporacion-ats.com\/2014echele\/wp-content\/uploads\/2014\/07\/dfrrr.png\" alt=\"dfrrr\" width=\"789\" height=\"556\" title=\"\"><\/a><\/p>\n<\/div>\n<\/div>\n<\/section>\n","protected":false},"excerpt":{"rendered":"<p>C\u00d3MO \u00c9CHELE CABEZA LE HA CAMBIADO LOS H\u00c1BITOS DE CONSUMO A PERSONAS USUARIAS DE DROGAS En el mes de junio [&hellip;]<\/p>\n","protected":false},"author":3,"featured_media":840,"comment_status":"open","ping_status":"open","sticky":false,"template":"","format":"standard","meta":{"site-sidebar-layout":"default","site-content-layout":"","ast-site-content-layout":"default","site-content-style":"default","site-sidebar-style":"default","ast-global-header-display":"","ast-banner-title-visibility":"","ast-main-header-display":"","ast-hfb-above-header-display":"","ast-hfb-below-header-display":"","ast-hfb-mobile-header-display":"","site-post-title":"","ast-breadcrumbs-content":"","ast-featured-img":"","footer-sml-layout":"","theme-transparent-header-meta":"","adv-header-id-meta":"","stick-header-meta":"","header-above-stick-meta":"","header-main-stick-meta":"","header-below-stick-meta":"","astra-migrate-meta-layouts":"default","ast-page-background-enabled":"default","ast-page-background-meta":{"desktop":{"background-color":"var(--ast-global-color-4)","background-image":"","background-repeat":"repeat","background-position":"center center","background-size":"auto","background-attachment":"scroll","background-type":"","background-media":"","overlay-type":"","overlay-color":"","overlay-opacity":"","overlay-gradient":""},"tablet":{"background-color":"","background-image":"","background-repeat":"repeat","background-position":"center center","background-size":"auto","background-attachment":"scroll","background-type":"","background-media":"","overlay-type":"","overlay-color":"","overlay-opacity":"","overlay-gradient":""},"mobile":{"background-color":"","background-image":"","background-repeat":"repeat","background-position":"center center","background-size":"auto","background-attachment":"scroll","background-type":"","background-media":"","overlay-type":"","overlay-color":"","overlay-opacity":"","overlay-gradient":""}},"ast-content-background-meta":{"desktop":{"background-color":"var(--ast-global-color-5)","background-image":"","background-repeat":"repeat","background-position":"center center","background-size":"auto","background-attachment":"scroll","background-type":"","background-media":"","overlay-type":"","overlay-color":"","overlay-opacity":"","overlay-gradient":""},"tablet":{"background-color":"var(--ast-global-color-5)","background-image":"","background-repeat":"repeat","background-position":"center center","background-size":"auto","background-attachment":"scroll","background-type":"","background-media":"","overlay-type":"","overlay-color":"","overlay-opacity":"","overlay-gradient":""},"mobile":{"background-color":"var(--ast-global-color-5)","background-image":"","background-repeat":"repeat","background-position":"center center","background-size":"auto","background-attachment":"scroll","background-type":"","background-media":"","overlay-type":"","overlay-color":"","overlay-opacity":"","overlay-gradient":""}},"footnotes":""},"categories":[1],"tags":[],"class_list":["post-838","post","type-post","status-publish","format-standard","has-post-thumbnail","hentry","category-publicaciones"],"_links":{"self":[{"href":"https:\/\/www.echelecabeza.com\/wp-json\/wp\/v2\/posts\/838","targetHints":{"allow":["GET"]}}],"collection":[{"href":"https:\/\/www.echelecabeza.com\/wp-json\/wp\/v2\/posts"}],"about":[{"href":"https:\/\/www.echelecabeza.com\/wp-json\/wp\/v2\/types\/post"}],"author":[{"embeddable":true,"href":"https:\/\/www.echelecabeza.com\/wp-json\/wp\/v2\/users\/3"}],"replies":[{"embeddable":true,"href":"https:\/\/www.echelecabeza.com\/wp-json\/wp\/v2\/comments?post=838"}],"version-history":[{"count":0,"href":"https:\/\/www.echelecabeza.com\/wp-json\/wp\/v2\/posts\/838\/revisions"}],"wp:featuredmedia":[{"embeddable":true,"href":"https:\/\/www.echelecabeza.com\/wp-json\/wp\/v2\/media\/840"}],"wp:attachment":[{"href":"https:\/\/www.echelecabeza.com\/wp-json\/wp\/v2\/media?parent=838"}],"wp:term":[{"taxonomy":"category","embeddable":true,"href":"https:\/\/www.echelecabeza.com\/wp-json\/wp\/v2\/categories?post=838"},{"taxonomy":"post_tag","embeddable":true,"href":"https:\/\/www.echelecabeza.com\/wp-json\/wp\/v2\/tags?post=838"}],"curies":[{"name":"wp","href":"https:\/\/api.w.org\/{rel}","templated":true}]}}